{"id":5785,"date":"2026-03-06T12:48:52","date_gmt":"2026-03-06T11:48:52","guid":{"rendered":"https:\/\/vrtecsalovci.splet.arnes.si\/?p=5785"},"modified":"2026-03-06T12:48:53","modified_gmt":"2026-03-06T11:48:53","slug":"voscilo-ob-dnevu-zena","status":"publish","type":"post","link":"https:\/\/vrtec.os-salovci.si\/?p=5785","title":{"rendered":"Vo\u0161\u010dilo ob dnevu \u017eena"},"content":{"rendered":"<div class=\"wp-block-image\">\n<figure class=\"aligncenter size-large\"><a href=\"https:\/\/vrtec.os-salovci.si\/files\/2026\/03\/Dan-zena-2026.png\"><img loading=\"lazy\" decoding=\"async\" width=\"1024\" height=\"1024\" src=\"https:\/\/vrtec.os-salovci.si\/files\/2026\/03\/Dan-zena-2026-1024x1024.png\" alt=\"\" class=\"wp-image-5786\" srcset=\"https:\/\/vrtec.os-salovci.si\/files\/2026\/03\/Dan-zena-2026-1024x1024.png 1024w, https:\/\/vrtec.os-salovci.si\/files\/2026\/03\/Dan-zena-2026-300x300.png 300w, https:\/\/vrtec.os-salovci.si\/files\/2026\/03\/Dan-zena-2026-150x150.png 150w, https:\/\/vrtec.os-salovci.si\/files\/2026\/03\/Dan-zena-2026-768x768.png 768w, https:\/\/vrtec.os-salovci.si\/files\/2026\/03\/Dan-zena-2026-947x947.png 947w, https:\/\/vrtec.os-salovci.si\/files\/2026\/03\/Dan-zena-2026-624x624.png 624w, https:\/\/vrtec.os-salovci.si\/files\/2026\/03\/Dan-zena-2026.png 1080w\" sizes=\"auto, (max-width: 1024px) 100vw, 1024px\" \/><\/a><\/figure>\n<\/div>","protected":false},"excerpt":{"rendered":"","protected":false},"author":81642,"featured_media":5786,"comment_status":"closed","ping_status":"open","sticky":false,"template":"","format":"standard","meta":{"ngg_post_thumbnail":0,"footnotes":""},"categories":[1],"tags":[],"class_list":["post-5785","post","type-post","status-publish","format-standard","has-post-thumbnail","hentry","category-novice"],"_links":{"self":[{"href":"https:\/\/vrtec.os-salovci.si\/index.php?rest_route=\/wp\/v2\/posts\/5785","targetHints":{"allow":["GET"]}}],"collection":[{"href":"https:\/\/vrtec.os-salovci.si\/index.php?rest_route=\/wp\/v2\/posts"}],"about":[{"href":"https:\/\/vrtec.os-salovci.si\/index.php?rest_route=\/wp\/v2\/types\/post"}],"author":[{"embeddable":true,"href":"https:\/\/vrtec.os-salovci.si\/index.php?rest_route=\/wp\/v2\/users\/81642"}],"replies":[{"embeddable":true,"href":"https:\/\/vrtec.os-salovci.si\/index.php?rest_route=%2Fwp%2Fv2%2Fcomments&post=5785"}],"version-history":[{"count":1,"href":"https:\/\/vrtec.os-salovci.si\/index.php?rest_route=\/wp\/v2\/posts\/5785\/revisions"}],"predecessor-version":[{"id":5787,"href":"https:\/\/vrtec.os-salovci.si\/index.php?rest_route=\/wp\/v2\/posts\/5785\/revisions\/5787"}],"wp:featuredmedia":[{"embeddable":true,"href":"https:\/\/vrtec.os-salovci.si\/index.php?rest_route=\/wp\/v2\/media\/5786"}],"wp:attachment":[{"href":"https:\/\/vrtec.os-salovci.si\/index.php?rest_route=%2Fwp%2Fv2%2Fmedia&parent=5785"}],"wp:term":[{"taxonomy":"category","embeddable":true,"href":"https:\/\/vrtec.os-salovci.si\/index.php?rest_route=%2Fwp%2Fv2%2Fcategories&post=5785"},{"taxonomy":"post_tag","embeddable":true,"href":"https:\/\/vrtec.os-salovci.si\/index.php?rest_route=%2Fwp%2Fv2%2Ftags&post=5785"}],"curies":[{"name":"wp","href":"https:\/\/api.w.org\/{rel}","templated":true}]}}