{"id":5771,"date":"2026-02-06T13:30:48","date_gmt":"2026-02-06T12:30:48","guid":{"rendered":"https:\/\/vrtecsalovci.splet.arnes.si\/?p=5771"},"modified":"2026-02-06T13:30:48","modified_gmt":"2026-02-06T12:30:48","slug":"pravljicna-ura-za-mala-usesa","status":"publish","type":"post","link":"https:\/\/vrtec.os-salovci.si\/?p=5771","title":{"rendered":"Pravlji\u010dna ura za mala u\u0161esa"},"content":{"rendered":"\n<p>5. 2. 2026 smo pripravili popoldansko pravlji\u010dno uro za na\u0161e male pravlji\u010dne junake, stare od 2 do 6 let. Skupaj smo prisluhnili pravljici&nbsp;<em>Medvedka Metka \u2013 sr\u010dek za mamico<\/em>&nbsp;ter zapluli v \u010darobni svet zgodb, domi\u0161ljije in topline.<\/p>\n\n\n\n<p>Ob branju pravljice so nastali \u010disto posebni, sr\u010dni pravlji\u010dni obrazi, ki so odsevali otro\u0161ko ustvarjalnost in veselje. Po pravljici smo zavihali rokave in se lotili ustvarjanja \u2013 nastajala so srca in ljubezenska pisma, ob tem pa smo spoznavali tudi pomen ponovne uporabe materialov.<\/p>\n\n\n\n<p>Toplo, ustvarjalno in polno sr\u010dkov&nbsp;\u2764\ufe0f<\/p>\n\n\n<div class=\"wp-block-image\">\n<figure class=\"aligncenter size-large\"><a href=\"https:\/\/vrtec.os-salovci.si\/files\/2026\/02\/20260206_125157-scaled.jpg\"><img loading=\"lazy\" decoding=\"async\" width=\"576\" height=\"1024\" src=\"https:\/\/vrtec.os-salovci.si\/files\/2026\/02\/20260206_125157-576x1024.jpg\" alt=\"\" class=\"wp-image-5772\" srcset=\"https:\/\/vrtec.os-salovci.si\/files\/2026\/02\/20260206_125157-576x1024.jpg 576w, https:\/\/vrtec.os-salovci.si\/files\/2026\/02\/20260206_125157-169x300.jpg 169w, https:\/\/vrtec.os-salovci.si\/files\/2026\/02\/20260206_125157-768x1365.jpg 768w, https:\/\/vrtec.os-salovci.si\/files\/2026\/02\/20260206_125157-864x1536.jpg 864w, https:\/\/vrtec.os-salovci.si\/files\/2026\/02\/20260206_125157-1152x2048.jpg 1152w, https:\/\/vrtec.os-salovci.si\/files\/2026\/02\/20260206_125157-947x1684.jpg 947w, https:\/\/vrtec.os-salovci.si\/files\/2026\/02\/20260206_125157-624x1109.jpg 624w, https:\/\/vrtec.os-salovci.si\/files\/2026\/02\/20260206_125157-scaled.jpg 1440w\" sizes=\"auto, (max-width: 576px) 100vw, 576px\" \/><\/a><\/figure>\n<\/div>","protected":false},"excerpt":{"rendered":"<p>5. 2. 2026 smo pripravili popoldansko pravlji\u010dno uro za na\u0161e male pravlji\u010dne junake, stare od 2 do 6 let. Skupaj smo prisluhnili pravljici&nbsp;Medvedka Metka \u2013 sr\u010dek za mamico&nbsp;ter zapluli v [&hellip;]<\/p>\n","protected":false},"author":81642,"featured_media":5772,"comment_status":"closed","ping_status":"open","sticky":false,"template":"","format":"standard","meta":{"ngg_post_thumbnail":0,"footnotes":""},"categories":[1],"tags":[],"class_list":["post-5771","post","type-post","status-publish","format-standard","has-post-thumbnail","hentry","category-novice"],"_links":{"self":[{"href":"https:\/\/vrtec.os-salovci.si\/index.php?rest_route=\/wp\/v2\/posts\/5771","targetHints":{"allow":["GET"]}}],"collection":[{"href":"https:\/\/vrtec.os-salovci.si\/index.php?rest_route=\/wp\/v2\/posts"}],"about":[{"href":"https:\/\/vrtec.os-salovci.si\/index.php?rest_route=\/wp\/v2\/types\/post"}],"author":[{"embeddable":true,"href":"https:\/\/vrtec.os-salovci.si\/index.php?rest_route=\/wp\/v2\/users\/81642"}],"replies":[{"embeddable":true,"href":"https:\/\/vrtec.os-salovci.si\/index.php?rest_route=%2Fwp%2Fv2%2Fcomments&post=5771"}],"version-history":[{"count":1,"href":"https:\/\/vrtec.os-salovci.si\/index.php?rest_route=\/wp\/v2\/posts\/5771\/revisions"}],"predecessor-version":[{"id":5773,"href":"https:\/\/vrtec.os-salovci.si\/index.php?rest_route=\/wp\/v2\/posts\/5771\/revisions\/5773"}],"wp:featuredmedia":[{"embeddable":true,"href":"https:\/\/vrtec.os-salovci.si\/index.php?rest_route=\/wp\/v2\/media\/5772"}],"wp:attachment":[{"href":"https:\/\/vrtec.os-salovci.si\/index.php?rest_route=%2Fwp%2Fv2%2Fmedia&parent=5771"}],"wp:term":[{"taxonomy":"category","embeddable":true,"href":"https:\/\/vrtec.os-salovci.si\/index.php?rest_route=%2Fwp%2Fv2%2Fcategories&post=5771"},{"taxonomy":"post_tag","embeddable":true,"href":"https:\/\/vrtec.os-salovci.si\/index.php?rest_route=%2Fwp%2Fv2%2Ftags&post=5771"}],"curies":[{"name":"wp","href":"https:\/\/api.w.org\/{rel}","templated":true}]}}