{"id":5768,"date":"2026-02-06T13:28:47","date_gmt":"2026-02-06T12:28:47","guid":{"rendered":"https:\/\/vrtecsalovci.splet.arnes.si\/?p=5768"},"modified":"2026-02-06T13:28:48","modified_gmt":"2026-02-06T12:28:48","slug":"slovenski-kulturni-praznik","status":"publish","type":"post","link":"https:\/\/vrtec.os-salovci.si\/?p=5768","title":{"rendered":"SLOVENSKI KULTURNI PRAZNIK"},"content":{"rendered":"\n<p>Pre\u0161ernov dan, 8. februar, je slovenski kulturni praznik, posve\u010den spominu na Franceta Pre\u0161erna ter slovenski kulturi in umetnosti. Ves teden smo otrokom pribli\u017eali njegova dela, jih seznanili s slovensko himno&nbsp;<em>Zdravljico<\/em>&nbsp;ter jih spodbudili k likovnemu ustvarjanju.<\/p>\n\n\n\n<p>Ob tej prilo\u017enosti smo se sprehodili do obele\u017eja Rasto\u010de knjige v \u0160alovcih in prisluhnili delu&nbsp;<em>Povodni mo\u017e<\/em>.<\/p>\n\n\n<div class=\"wp-block-image\">\n<figure class=\"aligncenter size-large\"><a href=\"https:\/\/vrtec.os-salovci.si\/files\/2026\/02\/20260206_120849-scaled.jpg\"><img loading=\"lazy\" decoding=\"async\" width=\"576\" height=\"1024\" src=\"https:\/\/vrtec.os-salovci.si\/files\/2026\/02\/20260206_120849-576x1024.jpg\" alt=\"\" class=\"wp-image-5769\" srcset=\"https:\/\/vrtec.os-salovci.si\/files\/2026\/02\/20260206_120849-576x1024.jpg 576w, https:\/\/vrtec.os-salovci.si\/files\/2026\/02\/20260206_120849-169x300.jpg 169w, https:\/\/vrtec.os-salovci.si\/files\/2026\/02\/20260206_120849-768x1365.jpg 768w, https:\/\/vrtec.os-salovci.si\/files\/2026\/02\/20260206_120849-864x1536.jpg 864w, https:\/\/vrtec.os-salovci.si\/files\/2026\/02\/20260206_120849-1152x2048.jpg 1152w, https:\/\/vrtec.os-salovci.si\/files\/2026\/02\/20260206_120849-947x1684.jpg 947w, https:\/\/vrtec.os-salovci.si\/files\/2026\/02\/20260206_120849-624x1109.jpg 624w, https:\/\/vrtec.os-salovci.si\/files\/2026\/02\/20260206_120849-scaled.jpg 1440w\" sizes=\"auto, (max-width: 576px) 100vw, 576px\" \/><\/a><\/figure>\n<\/div>","protected":false},"excerpt":{"rendered":"<p>Pre\u0161ernov dan, 8. februar, je slovenski kulturni praznik, posve\u010den spominu na Franceta Pre\u0161erna ter slovenski kulturi in umetnosti. Ves teden smo otrokom pribli\u017eali njegova dela, jih seznanili s slovensko himno&nbsp;Zdravljico&nbsp;ter [&hellip;]<\/p>\n","protected":false},"author":81642,"featured_media":5769,"comment_status":"closed","ping_status":"open","sticky":false,"template":"","format":"standard","meta":{"ngg_post_thumbnail":0,"footnotes":""},"categories":[1],"tags":[],"class_list":["post-5768","post","type-post","status-publish","format-standard","has-post-thumbnail","hentry","category-novice"],"_links":{"self":[{"href":"https:\/\/vrtec.os-salovci.si\/index.php?rest_route=\/wp\/v2\/posts\/5768","targetHints":{"allow":["GET"]}}],"collection":[{"href":"https:\/\/vrtec.os-salovci.si\/index.php?rest_route=\/wp\/v2\/posts"}],"about":[{"href":"https:\/\/vrtec.os-salovci.si\/index.php?rest_route=\/wp\/v2\/types\/post"}],"author":[{"embeddable":true,"href":"https:\/\/vrtec.os-salovci.si\/index.php?rest_route=\/wp\/v2\/users\/81642"}],"replies":[{"embeddable":true,"href":"https:\/\/vrtec.os-salovci.si\/index.php?rest_route=%2Fwp%2Fv2%2Fcomments&post=5768"}],"version-history":[{"count":1,"href":"https:\/\/vrtec.os-salovci.si\/index.php?rest_route=\/wp\/v2\/posts\/5768\/revisions"}],"predecessor-version":[{"id":5770,"href":"https:\/\/vrtec.os-salovci.si\/index.php?rest_route=\/wp\/v2\/posts\/5768\/revisions\/5770"}],"wp:featuredmedia":[{"embeddable":true,"href":"https:\/\/vrtec.os-salovci.si\/index.php?rest_route=\/wp\/v2\/media\/5769"}],"wp:attachment":[{"href":"https:\/\/vrtec.os-salovci.si\/index.php?rest_route=%2Fwp%2Fv2%2Fmedia&parent=5768"}],"wp:term":[{"taxonomy":"category","embeddable":true,"href":"https:\/\/vrtec.os-salovci.si\/index.php?rest_route=%2Fwp%2Fv2%2Fcategories&post=5768"},{"taxonomy":"post_tag","embeddable":true,"href":"https:\/\/vrtec.os-salovci.si\/index.php?rest_route=%2Fwp%2Fv2%2Ftags&post=5768"}],"curies":[{"name":"wp","href":"https:\/\/api.w.org\/{rel}","templated":true}]}}