{"id":5743,"date":"2025-12-24T08:35:32","date_gmt":"2025-12-24T07:35:32","guid":{"rendered":"https:\/\/vrtecsalovci.splet.arnes.si\/?p=5743"},"modified":"2025-12-24T08:35:32","modified_gmt":"2025-12-24T07:35:32","slug":"obvestilo-o-zaprtju-vrtca-med-prazniki","status":"publish","type":"post","link":"https:\/\/vrtec.os-salovci.si\/?p=5743","title":{"rendered":"Obvestilo o zaprtju vrtca med prazniki"},"content":{"rendered":"\n<p>Spo\u0161tovani star\u0161i,<\/p>\n\n\n\n<p>obve\u0161\u010damo vas, da bo vrtec med bo\u017ei\u010dno-novoletnimi prazniki&nbsp;<strong>ZAPRT<\/strong>.<\/p>\n\n\n\n<p>Zadnji delovni dan v letu 2025 bo&nbsp;<strong>sreda, 24. 12. 2025<\/strong>, ponovno pa bomo vrata vrtca odprli v&nbsp;<strong>ponedeljek, 5. 1. 2026<\/strong>.<\/p>\n\n\n\n<p>Zahvaljujemo se vam za razumevanje in vam \u017eelimo prijetne praznike.<\/p>\n\n\n\n<p class=\"has-text-align-right\">Kolektiv vrtca pri O\u0160 \u0160alovci<\/p>\n","protected":false},"excerpt":{"rendered":"<p>Spo\u0161tovani star\u0161i, obve\u0161\u010damo vas, da bo vrtec med bo\u017ei\u010dno-novoletnimi prazniki&nbsp;ZAPRT. Zadnji delovni dan v letu 2025 bo&nbsp;sreda, 24. 12. 2025, ponovno pa bomo vrata vrtca odprli v&nbsp;ponedeljek, 5. 1. 2026. [&hellip;]<\/p>\n","protected":false},"author":81642,"featured_media":3052,"comment_status":"closed","ping_status":"open","sticky":false,"template":"","format":"standard","meta":{"ngg_post_thumbnail":0,"footnotes":""},"categories":[1],"tags":[],"class_list":["post-5743","post","type-post","status-publish","format-standard","has-post-thumbnail","hentry","category-novice"],"_links":{"self":[{"href":"https:\/\/vrtec.os-salovci.si\/index.php?rest_route=\/wp\/v2\/posts\/5743","targetHints":{"allow":["GET"]}}],"collection":[{"href":"https:\/\/vrtec.os-salovci.si\/index.php?rest_route=\/wp\/v2\/posts"}],"about":[{"href":"https:\/\/vrtec.os-salovci.si\/index.php?rest_route=\/wp\/v2\/types\/post"}],"author":[{"embeddable":true,"href":"https:\/\/vrtec.os-salovci.si\/index.php?rest_route=\/wp\/v2\/users\/81642"}],"replies":[{"embeddable":true,"href":"https:\/\/vrtec.os-salovci.si\/index.php?rest_route=%2Fwp%2Fv2%2Fcomments&post=5743"}],"version-history":[{"count":1,"href":"https:\/\/vrtec.os-salovci.si\/index.php?rest_route=\/wp\/v2\/posts\/5743\/revisions"}],"predecessor-version":[{"id":5744,"href":"https:\/\/vrtec.os-salovci.si\/index.php?rest_route=\/wp\/v2\/posts\/5743\/revisions\/5744"}],"wp:featuredmedia":[{"embeddable":true,"href":"https:\/\/vrtec.os-salovci.si\/index.php?rest_route=\/wp\/v2\/media\/3052"}],"wp:attachment":[{"href":"https:\/\/vrtec.os-salovci.si\/index.php?rest_route=%2Fwp%2Fv2%2Fmedia&parent=5743"}],"wp:term":[{"taxonomy":"category","embeddable":true,"href":"https:\/\/vrtec.os-salovci.si\/index.php?rest_route=%2Fwp%2Fv2%2Fcategories&post=5743"},{"taxonomy":"post_tag","embeddable":true,"href":"https:\/\/vrtec.os-salovci.si\/index.php?rest_route=%2Fwp%2Fv2%2Ftags&post=5743"}],"curies":[{"name":"wp","href":"https:\/\/api.w.org\/{rel}","templated":true}]}}