{"id":5714,"date":"2025-11-11T08:39:16","date_gmt":"2025-11-11T07:39:16","guid":{"rendered":"https:\/\/vrtecsalovci.splet.arnes.si\/?p=5714"},"modified":"2025-11-11T08:39:17","modified_gmt":"2025-11-11T07:39:17","slug":"jesenski-popoldan-v-vrtcu","status":"publish","type":"post","link":"https:\/\/vrtec.os-salovci.si\/?p=5714","title":{"rendered":"\u00a0Jesenski popoldan v vrtcu"},"content":{"rendered":"\n<p>V na\u0161em vrtcu smo 7.11.2025 pre\u017eiveli prijeten jesenski popoldan, poln ustvarjalnosti in dru\u017eenja. Najmlaj\u0161i so prisluhnili pravljici \u00bbBu\u010da debelu\u010da\u00ab, ki je ogrela mala u\u0161esa otrok, starih od 2 do 6 let. Po pravljici smo ustvarjali \u2013 iz odpadnega kartona so otroci izdelali svoje bu\u010de s presene\u010denjem, pri tem pa spoznavali pomen ponovne uporabe materialov. Dan smo zaklju\u010dili z izmenjevalnico obla\u010dil in igra\u010d, s katero spodbujamo trajnostni razvoj in odgovoren odnos do okolja.<\/p>\n\n\n<div class=\"wp-block-image\">\n<figure class=\"aligncenter size-large\"><a href=\"https:\/\/vrtec.os-salovci.si\/files\/2025\/11\/7.11.2025-2.jpg\"><img loading=\"lazy\" decoding=\"async\" width=\"1024\" height=\"576\" src=\"https:\/\/vrtec.os-salovci.si\/files\/2025\/11\/7.11.2025-2-1024x576.jpg\" alt=\"\" class=\"wp-image-5715\" srcset=\"https:\/\/vrtec.os-salovci.si\/files\/2025\/11\/7.11.2025-2-1024x576.jpg 1024w, https:\/\/vrtec.os-salovci.si\/files\/2025\/11\/7.11.2025-2-300x169.jpg 300w, https:\/\/vrtec.os-salovci.si\/files\/2025\/11\/7.11.2025-2-768x432.jpg 768w, https:\/\/vrtec.os-salovci.si\/files\/2025\/11\/7.11.2025-2-1536x864.jpg 1536w, https:\/\/vrtec.os-salovci.si\/files\/2025\/11\/7.11.2025-2-947x533.jpg 947w, https:\/\/vrtec.os-salovci.si\/files\/2025\/11\/7.11.2025-2-624x351.jpg 624w, https:\/\/vrtec.os-salovci.si\/files\/2025\/11\/7.11.2025-2.jpg 1920w\" sizes=\"auto, (max-width: 1024px) 100vw, 1024px\" \/><\/a><\/figure>\n<\/div>","protected":false},"excerpt":{"rendered":"<p>V na\u0161em vrtcu smo 7.11.2025 pre\u017eiveli prijeten jesenski popoldan, poln ustvarjalnosti in dru\u017eenja. Najmlaj\u0161i so prisluhnili pravljici \u00bbBu\u010da debelu\u010da\u00ab, ki je ogrela mala u\u0161esa otrok, starih od 2 do 6 [&hellip;]<\/p>\n","protected":false},"author":81642,"featured_media":5715,"comment_status":"closed","ping_status":"open","sticky":false,"template":"","format":"standard","meta":{"ngg_post_thumbnail":0,"footnotes":""},"categories":[1],"tags":[],"class_list":["post-5714","post","type-post","status-publish","format-standard","has-post-thumbnail","hentry","category-novice"],"_links":{"self":[{"href":"https:\/\/vrtec.os-salovci.si\/index.php?rest_route=\/wp\/v2\/posts\/5714","targetHints":{"allow":["GET"]}}],"collection":[{"href":"https:\/\/vrtec.os-salovci.si\/index.php?rest_route=\/wp\/v2\/posts"}],"about":[{"href":"https:\/\/vrtec.os-salovci.si\/index.php?rest_route=\/wp\/v2\/types\/post"}],"author":[{"embeddable":true,"href":"https:\/\/vrtec.os-salovci.si\/index.php?rest_route=\/wp\/v2\/users\/81642"}],"replies":[{"embeddable":true,"href":"https:\/\/vrtec.os-salovci.si\/index.php?rest_route=%2Fwp%2Fv2%2Fcomments&post=5714"}],"version-history":[{"count":1,"href":"https:\/\/vrtec.os-salovci.si\/index.php?rest_route=\/wp\/v2\/posts\/5714\/revisions"}],"predecessor-version":[{"id":5716,"href":"https:\/\/vrtec.os-salovci.si\/index.php?rest_route=\/wp\/v2\/posts\/5714\/revisions\/5716"}],"wp:featuredmedia":[{"embeddable":true,"href":"https:\/\/vrtec.os-salovci.si\/index.php?rest_route=\/wp\/v2\/media\/5715"}],"wp:attachment":[{"href":"https:\/\/vrtec.os-salovci.si\/index.php?rest_route=%2Fwp%2Fv2%2Fmedia&parent=5714"}],"wp:term":[{"taxonomy":"category","embeddable":true,"href":"https:\/\/vrtec.os-salovci.si\/index.php?rest_route=%2Fwp%2Fv2%2Fcategories&post=5714"},{"taxonomy":"post_tag","embeddable":true,"href":"https:\/\/vrtec.os-salovci.si\/index.php?rest_route=%2Fwp%2Fv2%2Ftags&post=5714"}],"curies":[{"name":"wp","href":"https:\/\/api.w.org\/{rel}","templated":true}]}}