{"id":5680,"date":"2025-10-09T13:11:57","date_gmt":"2025-10-09T11:11:57","guid":{"rendered":"https:\/\/vrtecsalovci.splet.arnes.si\/?p=5680"},"modified":"2025-10-09T13:11:58","modified_gmt":"2025-10-09T11:11:58","slug":"cetrti-dan-v-tednu-otroka-prava-slascicarna-v-vrtcu","status":"publish","type":"post","link":"https:\/\/vrtec.os-salovci.si\/?p=5680","title":{"rendered":"\u010cetrti dan v Tednu otroka &#8211; prava sla\u0161\u010di\u010darna v vrtcu"},"content":{"rendered":"\n<p>V \u010detrtek smo v na\u0161em vrtcu zavihali rokave in se prelevili v prave sla\u0161\u010di\u010darje in sla\u0161\u010di\u010darke! Skupaj z vzgojiteljicami smo spekli slastne mafin\u010dke. Otroci so z veseljem:<\/p>\n\n\n\n<p>me\u0161ali sestavine, dodajali \u010dokoladne kapljice, opazovali, kako se mafini pe\u010dejo, in seveda \u2013 na koncu z u\u017eitkom pojedli svoje sladke mojstrovine!<\/p>\n\n\n\n<p>Ustvarjalno in di\u0161e\u010de dopoldne je povezalo otroke v skupnem delu, urili so fino motoriko, spoznavali sestavine in se nau\u010dili, da je peka lahko zabavna in slastna!<\/p>\n\n\n\n<p>Dan smo zaklju\u010dili z nasmehi in sladkimi usti. \ud83d\ude04\ud83e\uddc1<\/p>\n\n\n<div class=\"wp-block-image\">\n<figure class=\"aligncenter size-large\"><a href=\"https:\/\/vrtec.os-salovci.si\/files\/2025\/10\/1000038669-scaled.jpg\"><img loading=\"lazy\" decoding=\"async\" width=\"576\" height=\"1024\" src=\"https:\/\/vrtec.os-salovci.si\/files\/2025\/10\/1000038669-576x1024.jpg\" alt=\"\" class=\"wp-image-5681\" srcset=\"https:\/\/vrtec.os-salovci.si\/files\/2025\/10\/1000038669-576x1024.jpg 576w, https:\/\/vrtec.os-salovci.si\/files\/2025\/10\/1000038669-169x300.jpg 169w, https:\/\/vrtec.os-salovci.si\/files\/2025\/10\/1000038669-768x1365.jpg 768w, https:\/\/vrtec.os-salovci.si\/files\/2025\/10\/1000038669-864x1536.jpg 864w, https:\/\/vrtec.os-salovci.si\/files\/2025\/10\/1000038669-1152x2048.jpg 1152w, https:\/\/vrtec.os-salovci.si\/files\/2025\/10\/1000038669-947x1684.jpg 947w, https:\/\/vrtec.os-salovci.si\/files\/2025\/10\/1000038669-624x1109.jpg 624w, https:\/\/vrtec.os-salovci.si\/files\/2025\/10\/1000038669-scaled.jpg 1440w\" sizes=\"auto, (max-width: 576px) 100vw, 576px\" \/><\/a><\/figure>\n<\/div>","protected":false},"excerpt":{"rendered":"<p>V \u010detrtek smo v na\u0161em vrtcu zavihali rokave in se prelevili v prave sla\u0161\u010di\u010darje in sla\u0161\u010di\u010darke! Skupaj z vzgojiteljicami smo spekli slastne mafin\u010dke. Otroci so z veseljem: me\u0161ali sestavine, dodajali [&hellip;]<\/p>\n","protected":false},"author":81642,"featured_media":5681,"comment_status":"closed","ping_status":"open","sticky":false,"template":"","format":"standard","meta":{"ngg_post_thumbnail":0,"footnotes":""},"categories":[1],"tags":[],"class_list":["post-5680","post","type-post","status-publish","format-standard","has-post-thumbnail","hentry","category-novice"],"_links":{"self":[{"href":"https:\/\/vrtec.os-salovci.si\/index.php?rest_route=\/wp\/v2\/posts\/5680","targetHints":{"allow":["GET"]}}],"collection":[{"href":"https:\/\/vrtec.os-salovci.si\/index.php?rest_route=\/wp\/v2\/posts"}],"about":[{"href":"https:\/\/vrtec.os-salovci.si\/index.php?rest_route=\/wp\/v2\/types\/post"}],"author":[{"embeddable":true,"href":"https:\/\/vrtec.os-salovci.si\/index.php?rest_route=\/wp\/v2\/users\/81642"}],"replies":[{"embeddable":true,"href":"https:\/\/vrtec.os-salovci.si\/index.php?rest_route=%2Fwp%2Fv2%2Fcomments&post=5680"}],"version-history":[{"count":1,"href":"https:\/\/vrtec.os-salovci.si\/index.php?rest_route=\/wp\/v2\/posts\/5680\/revisions"}],"predecessor-version":[{"id":5682,"href":"https:\/\/vrtec.os-salovci.si\/index.php?rest_route=\/wp\/v2\/posts\/5680\/revisions\/5682"}],"wp:featuredmedia":[{"embeddable":true,"href":"https:\/\/vrtec.os-salovci.si\/index.php?rest_route=\/wp\/v2\/media\/5681"}],"wp:attachment":[{"href":"https:\/\/vrtec.os-salovci.si\/index.php?rest_route=%2Fwp%2Fv2%2Fmedia&parent=5680"}],"wp:term":[{"taxonomy":"category","embeddable":true,"href":"https:\/\/vrtec.os-salovci.si\/index.php?rest_route=%2Fwp%2Fv2%2Fcategories&post=5680"},{"taxonomy":"post_tag","embeddable":true,"href":"https:\/\/vrtec.os-salovci.si\/index.php?rest_route=%2Fwp%2Fv2%2Ftags&post=5680"}],"curies":[{"name":"wp","href":"https:\/\/api.w.org\/{rel}","templated":true}]}}