{"id":5676,"date":"2025-10-08T13:55:47","date_gmt":"2025-10-08T11:55:47","guid":{"rendered":"https:\/\/vrtecsalovci.splet.arnes.si\/?p=5676"},"modified":"2025-10-08T13:56:03","modified_gmt":"2025-10-08T11:56:03","slug":"tretji-dan-v-tednu-otroka-pesmica-prosim-in-hvala","status":"publish","type":"post","link":"https:\/\/vrtec.os-salovci.si\/?p=5676","title":{"rendered":"Tretji dan v Tednu otroka \u2013 pesmica &#8220;Prosim in hvala&#8221;\u00a0"},"content":{"rendered":"\n<p>Tretji dan v Tednu otroka smo pre\u017eiveli zunaj, v objemu narave in pod toplimi son\u010dnimi \u017earki. Dan smo posvetili u\u010denju vljudnostnih besed in prijaznosti \u2013 skozi glasbo!<\/p>\n\n\n\n<p>Nau\u010dili smo se novo pesmico z naslovom &#8220;Pobeg&#8221;, kjer vladata prijaznost in lepe besede, kot so prosim in hvala. Pesem smo peli ob spremljavi kitare, kar je \u0161e dodatno obogatilo vzdu\u0161je. Skozi pesmico smo razmi\u0161ljali, kako lahko tudi mi vsak dan poskrbimo za prijazne odnose &#8211; doma, v vrtcu, med prijatelji. Otroci so pesmico hitro usvojili in jo z navdu\u0161njem ve\u010dkrat ponovili.<\/p>\n\n\n<div class=\"wp-block-image\">\n<figure class=\"aligncenter size-large is-resized\"><a href=\"https:\/\/vrtec.os-salovci.si\/files\/2025\/10\/1000038426-scaled.jpg\"><img loading=\"lazy\" decoding=\"async\" width=\"576\" height=\"1024\" src=\"https:\/\/vrtec.os-salovci.si\/files\/2025\/10\/1000038426-576x1024.jpg\" alt=\"\" class=\"wp-image-5677\" style=\"width:702px;height:auto\" srcset=\"https:\/\/vrtec.os-salovci.si\/files\/2025\/10\/1000038426-576x1024.jpg 576w, https:\/\/vrtec.os-salovci.si\/files\/2025\/10\/1000038426-169x300.jpg 169w, https:\/\/vrtec.os-salovci.si\/files\/2025\/10\/1000038426-768x1365.jpg 768w, https:\/\/vrtec.os-salovci.si\/files\/2025\/10\/1000038426-864x1536.jpg 864w, https:\/\/vrtec.os-salovci.si\/files\/2025\/10\/1000038426-1152x2048.jpg 1152w, https:\/\/vrtec.os-salovci.si\/files\/2025\/10\/1000038426-947x1684.jpg 947w, https:\/\/vrtec.os-salovci.si\/files\/2025\/10\/1000038426-624x1109.jpg 624w, https:\/\/vrtec.os-salovci.si\/files\/2025\/10\/1000038426-scaled.jpg 1440w\" sizes=\"auto, (max-width: 576px) 100vw, 576px\" \/><\/a><\/figure>\n<\/div>","protected":false},"excerpt":{"rendered":"<p>Tretji dan v Tednu otroka smo pre\u017eiveli zunaj, v objemu narave in pod toplimi son\u010dnimi \u017earki. Dan smo posvetili u\u010denju vljudnostnih besed in prijaznosti \u2013 skozi glasbo! Nau\u010dili smo se [&hellip;]<\/p>\n","protected":false},"author":81642,"featured_media":5677,"comment_status":"closed","ping_status":"open","sticky":false,"template":"","format":"standard","meta":{"ngg_post_thumbnail":0,"footnotes":""},"categories":[1],"tags":[],"class_list":["post-5676","post","type-post","status-publish","format-standard","has-post-thumbnail","hentry","category-novice"],"_links":{"self":[{"href":"https:\/\/vrtec.os-salovci.si\/index.php?rest_route=\/wp\/v2\/posts\/5676","targetHints":{"allow":["GET"]}}],"collection":[{"href":"https:\/\/vrtec.os-salovci.si\/index.php?rest_route=\/wp\/v2\/posts"}],"about":[{"href":"https:\/\/vrtec.os-salovci.si\/index.php?rest_route=\/wp\/v2\/types\/post"}],"author":[{"embeddable":true,"href":"https:\/\/vrtec.os-salovci.si\/index.php?rest_route=\/wp\/v2\/users\/81642"}],"replies":[{"embeddable":true,"href":"https:\/\/vrtec.os-salovci.si\/index.php?rest_route=%2Fwp%2Fv2%2Fcomments&post=5676"}],"version-history":[{"count":1,"href":"https:\/\/vrtec.os-salovci.si\/index.php?rest_route=\/wp\/v2\/posts\/5676\/revisions"}],"predecessor-version":[{"id":5678,"href":"https:\/\/vrtec.os-salovci.si\/index.php?rest_route=\/wp\/v2\/posts\/5676\/revisions\/5678"}],"wp:featuredmedia":[{"embeddable":true,"href":"https:\/\/vrtec.os-salovci.si\/index.php?rest_route=\/wp\/v2\/media\/5677"}],"wp:attachment":[{"href":"https:\/\/vrtec.os-salovci.si\/index.php?rest_route=%2Fwp%2Fv2%2Fmedia&parent=5676"}],"wp:term":[{"taxonomy":"category","embeddable":true,"href":"https:\/\/vrtec.os-salovci.si\/index.php?rest_route=%2Fwp%2Fv2%2Fcategories&post=5676"},{"taxonomy":"post_tag","embeddable":true,"href":"https:\/\/vrtec.os-salovci.si\/index.php?rest_route=%2Fwp%2Fv2%2Ftags&post=5676"}],"curies":[{"name":"wp","href":"https:\/\/api.w.org\/{rel}","templated":true}]}}