{"id":5673,"date":"2025-10-07T15:33:23","date_gmt":"2025-10-07T13:33:23","guid":{"rendered":"https:\/\/vrtecsalovci.splet.arnes.si\/?p=5673"},"modified":"2025-10-07T15:33:23","modified_gmt":"2025-10-07T13:33:23","slug":"drugi-dan-teden-otroka","status":"publish","type":"post","link":"https:\/\/vrtec.os-salovci.si\/?p=5673","title":{"rendered":"Drugi dan Teden otroka"},"content":{"rendered":"\n<p>Drugi dan Tedna otroka smo izkoristili za prav posebno do\u017eivetje \u2013 kino na prostem! Na\u0161 ve\u010dnamenski \u0161portni center smo za en dan spremenili v pravo kino dvorano. Otroci so si ogledali animirani film, se sprostili na dekah in blazinah ter u\u017eivali v prijetnem vzdu\u0161ju. Vzdu\u0161je je bilo spro\u0161\u010deno, nasmejano in polno otro\u0161kega veselja. Za pravo kino izku\u0161njo pa niso manjkale niti kokice, ki so jih otroci z veseljem grizljali med ogledom.<\/p>\n\n\n\n<p>Dan smo zaklju\u010dili z razgibavanjem na razli\u010dnih \u0161portnih pripomo\u010dkih, s \u010dimer smo dodatno poskrbeli za gibanje in dobro voljo. Otroci so z navdu\u0161enjem sodelovali, se igrali, tekali, skakali na trampolinu in preizkusili svoje spretnosti.<\/p>\n\n\n\n<p>Dan je minil v spro\u0161\u010denem vzdu\u0161ju, polnem smeha, dru\u017eenja in lepih trenutkov.<\/p>\n\n\n<div class=\"wp-block-image\">\n<figure class=\"aligncenter size-large\"><a href=\"https:\/\/vrtec.os-salovci.si\/files\/2025\/10\/1000038402-scaled.jpg\"><img loading=\"lazy\" decoding=\"async\" width=\"576\" height=\"1024\" src=\"https:\/\/vrtec.os-salovci.si\/files\/2025\/10\/1000038402-576x1024.jpg\" alt=\"\" class=\"wp-image-5674\" srcset=\"https:\/\/vrtec.os-salovci.si\/files\/2025\/10\/1000038402-576x1024.jpg 576w, https:\/\/vrtec.os-salovci.si\/files\/2025\/10\/1000038402-169x300.jpg 169w, https:\/\/vrtec.os-salovci.si\/files\/2025\/10\/1000038402-768x1365.jpg 768w, https:\/\/vrtec.os-salovci.si\/files\/2025\/10\/1000038402-864x1536.jpg 864w, https:\/\/vrtec.os-salovci.si\/files\/2025\/10\/1000038402-1152x2048.jpg 1152w, https:\/\/vrtec.os-salovci.si\/files\/2025\/10\/1000038402-947x1684.jpg 947w, https:\/\/vrtec.os-salovci.si\/files\/2025\/10\/1000038402-624x1109.jpg 624w, https:\/\/vrtec.os-salovci.si\/files\/2025\/10\/1000038402-scaled.jpg 1440w\" sizes=\"auto, (max-width: 576px) 100vw, 576px\" \/><\/a><\/figure>\n<\/div>","protected":false},"excerpt":{"rendered":"<p>Drugi dan Tedna otroka smo izkoristili za prav posebno do\u017eivetje \u2013 kino na prostem! Na\u0161 ve\u010dnamenski \u0161portni center smo za en dan spremenili v pravo kino dvorano. Otroci so si [&hellip;]<\/p>\n","protected":false},"author":81642,"featured_media":5674,"comment_status":"closed","ping_status":"open","sticky":false,"template":"","format":"standard","meta":{"ngg_post_thumbnail":0,"footnotes":""},"categories":[1],"tags":[],"class_list":["post-5673","post","type-post","status-publish","format-standard","has-post-thumbnail","hentry","category-novice"],"_links":{"self":[{"href":"https:\/\/vrtec.os-salovci.si\/index.php?rest_route=\/wp\/v2\/posts\/5673","targetHints":{"allow":["GET"]}}],"collection":[{"href":"https:\/\/vrtec.os-salovci.si\/index.php?rest_route=\/wp\/v2\/posts"}],"about":[{"href":"https:\/\/vrtec.os-salovci.si\/index.php?rest_route=\/wp\/v2\/types\/post"}],"author":[{"embeddable":true,"href":"https:\/\/vrtec.os-salovci.si\/index.php?rest_route=\/wp\/v2\/users\/81642"}],"replies":[{"embeddable":true,"href":"https:\/\/vrtec.os-salovci.si\/index.php?rest_route=%2Fwp%2Fv2%2Fcomments&post=5673"}],"version-history":[{"count":1,"href":"https:\/\/vrtec.os-salovci.si\/index.php?rest_route=\/wp\/v2\/posts\/5673\/revisions"}],"predecessor-version":[{"id":5675,"href":"https:\/\/vrtec.os-salovci.si\/index.php?rest_route=\/wp\/v2\/posts\/5673\/revisions\/5675"}],"wp:featuredmedia":[{"embeddable":true,"href":"https:\/\/vrtec.os-salovci.si\/index.php?rest_route=\/wp\/v2\/media\/5674"}],"wp:attachment":[{"href":"https:\/\/vrtec.os-salovci.si\/index.php?rest_route=%2Fwp%2Fv2%2Fmedia&parent=5673"}],"wp:term":[{"taxonomy":"category","embeddable":true,"href":"https:\/\/vrtec.os-salovci.si\/index.php?rest_route=%2Fwp%2Fv2%2Fcategories&post=5673"},{"taxonomy":"post_tag","embeddable":true,"href":"https:\/\/vrtec.os-salovci.si\/index.php?rest_route=%2Fwp%2Fv2%2Ftags&post=5673"}],"curies":[{"name":"wp","href":"https:\/\/api.w.org\/{rel}","templated":true}]}}