{"id":5670,"date":"2025-10-06T13:06:00","date_gmt":"2025-10-06T11:06:00","guid":{"rendered":"https:\/\/vrtecsalovci.splet.arnes.si\/?p=5670"},"modified":"2025-10-06T13:06:12","modified_gmt":"2025-10-06T11:06:12","slug":"teden-otroka-smo-zaceli-z-obiskom-frizerke-sabine","status":"publish","type":"post","link":"https:\/\/vrtec.os-salovci.si\/?p=5670","title":{"rendered":"Teden otroka smo za\u010deli z obiskom frizerke Sabine\u00a0"},"content":{"rendered":"\n<p>Danes smo v vrtcu gostili frizerko Sabino, ki je otrokom na prijeten in igriv na\u010din predstavila svoj poklic. Pokazala jim je razli\u010dne frizerske pripomo\u010dke, orodja in izdelke za nego las. Otroci so z zanimanjem spremljali, kako poteka delo frizerja, postavljali vpra\u0161anja in se preizkusili v \u010desanju.<\/p>\n\n\n\n<p>Sabina pa ni ostala le pri predstavitvi \u2013 deklicam je spletla kitke, uredila \u010dopke, fantkom pa je lase lepo po\u010desala in jih s tem prav posebej polep\u0161ala. Vzdu\u0161je je bilo spro\u0161\u010deno in veselo, otroci pa nadvse zadovoljni s svojimi novimi pri\u010deskami!<\/p>\n\n\n\n<p>Hvala frizerki Sabini za \u010das, potrpe\u017eljivost in \u010dudovito dopoldne!&nbsp;<\/p>\n\n\n<div class=\"wp-block-image\">\n<figure class=\"aligncenter size-large\"><a href=\"https:\/\/vrtec.os-salovci.si\/files\/2025\/10\/20251006_124210-scaled.jpg\"><img loading=\"lazy\" decoding=\"async\" width=\"576\" height=\"1024\" src=\"https:\/\/vrtec.os-salovci.si\/files\/2025\/10\/20251006_124210-576x1024.jpg\" alt=\"\" class=\"wp-image-5671\" srcset=\"https:\/\/vrtec.os-salovci.si\/files\/2025\/10\/20251006_124210-576x1024.jpg 576w, https:\/\/vrtec.os-salovci.si\/files\/2025\/10\/20251006_124210-169x300.jpg 169w, https:\/\/vrtec.os-salovci.si\/files\/2025\/10\/20251006_124210-768x1365.jpg 768w, https:\/\/vrtec.os-salovci.si\/files\/2025\/10\/20251006_124210-864x1536.jpg 864w, https:\/\/vrtec.os-salovci.si\/files\/2025\/10\/20251006_124210-1152x2048.jpg 1152w, https:\/\/vrtec.os-salovci.si\/files\/2025\/10\/20251006_124210-947x1684.jpg 947w, https:\/\/vrtec.os-salovci.si\/files\/2025\/10\/20251006_124210-624x1109.jpg 624w, https:\/\/vrtec.os-salovci.si\/files\/2025\/10\/20251006_124210-scaled.jpg 1440w\" sizes=\"auto, (max-width: 576px) 100vw, 576px\" \/><\/a><\/figure>\n<\/div>","protected":false},"excerpt":{"rendered":"<p>Danes smo v vrtcu gostili frizerko Sabino, ki je otrokom na prijeten in igriv na\u010din predstavila svoj poklic. Pokazala jim je razli\u010dne frizerske pripomo\u010dke, orodja in izdelke za nego las. [&hellip;]<\/p>\n","protected":false},"author":81642,"featured_media":5671,"comment_status":"closed","ping_status":"open","sticky":false,"template":"","format":"standard","meta":{"ngg_post_thumbnail":0,"footnotes":""},"categories":[1],"tags":[],"class_list":["post-5670","post","type-post","status-publish","format-standard","has-post-thumbnail","hentry","category-novice"],"_links":{"self":[{"href":"https:\/\/vrtec.os-salovci.si\/index.php?rest_route=\/wp\/v2\/posts\/5670","targetHints":{"allow":["GET"]}}],"collection":[{"href":"https:\/\/vrtec.os-salovci.si\/index.php?rest_route=\/wp\/v2\/posts"}],"about":[{"href":"https:\/\/vrtec.os-salovci.si\/index.php?rest_route=\/wp\/v2\/types\/post"}],"author":[{"embeddable":true,"href":"https:\/\/vrtec.os-salovci.si\/index.php?rest_route=\/wp\/v2\/users\/81642"}],"replies":[{"embeddable":true,"href":"https:\/\/vrtec.os-salovci.si\/index.php?rest_route=%2Fwp%2Fv2%2Fcomments&post=5670"}],"version-history":[{"count":1,"href":"https:\/\/vrtec.os-salovci.si\/index.php?rest_route=\/wp\/v2\/posts\/5670\/revisions"}],"predecessor-version":[{"id":5672,"href":"https:\/\/vrtec.os-salovci.si\/index.php?rest_route=\/wp\/v2\/posts\/5670\/revisions\/5672"}],"wp:featuredmedia":[{"embeddable":true,"href":"https:\/\/vrtec.os-salovci.si\/index.php?rest_route=\/wp\/v2\/media\/5671"}],"wp:attachment":[{"href":"https:\/\/vrtec.os-salovci.si\/index.php?rest_route=%2Fwp%2Fv2%2Fmedia&parent=5670"}],"wp:term":[{"taxonomy":"category","embeddable":true,"href":"https:\/\/vrtec.os-salovci.si\/index.php?rest_route=%2Fwp%2Fv2%2Fcategories&post=5670"},{"taxonomy":"post_tag","embeddable":true,"href":"https:\/\/vrtec.os-salovci.si\/index.php?rest_route=%2Fwp%2Fv2%2Ftags&post=5670"}],"curies":[{"name":"wp","href":"https:\/\/api.w.org\/{rel}","templated":true}]}}