{"id":5660,"date":"2025-10-03T07:16:37","date_gmt":"2025-10-03T05:16:37","guid":{"rendered":"https:\/\/vrtecsalovci.splet.arnes.si\/?p=5660"},"modified":"2025-10-03T07:16:49","modified_gmt":"2025-10-03T05:16:49","slug":"nacionalni-mesec-skupnega-branja","status":"publish","type":"post","link":"https:\/\/vrtec.os-salovci.si\/?p=5660","title":{"rendered":"Nacionalni mesec skupnega branja"},"content":{"rendered":"\n<p>Vrtec \u0160alovci tudi letos sodeluje v programu Nacionalni mesec skupnega branja, saj verjamejo, da se ljubezen do knjig za\u010dne \u017ee v otro\u0161tvu.&nbsp;<\/p>\n\n\n\n<p>&#8221;&nbsp;\u010ce \u017eelite, da bi bili otroci pametni, jim berite pravljice. \u010ce \u017eelite, da bi bili \u0161e bolj pametni, jim berite \u0161e ve\u010d pravljic. &#8221;&nbsp; Albert Einstein<\/p>\n\n\n<div class=\"wp-block-image\">\n<figure class=\"aligncenter size-large\"><a href=\"https:\/\/vrtec.os-salovci.si\/files\/2025\/10\/545384812_1333089208213415_7239839966748418101_n-1.jpg\"><img loading=\"lazy\" decoding=\"async\" width=\"576\" height=\"1024\" src=\"https:\/\/vrtec.os-salovci.si\/files\/2025\/10\/545384812_1333089208213415_7239839966748418101_n-1-576x1024.jpg\" alt=\"\" class=\"wp-image-5661\" srcset=\"https:\/\/vrtec.os-salovci.si\/files\/2025\/10\/545384812_1333089208213415_7239839966748418101_n-1-576x1024.jpg 576w, https:\/\/vrtec.os-salovci.si\/files\/2025\/10\/545384812_1333089208213415_7239839966748418101_n-1-169x300.jpg 169w, https:\/\/vrtec.os-salovci.si\/files\/2025\/10\/545384812_1333089208213415_7239839966748418101_n-1-768x1365.jpg 768w, https:\/\/vrtec.os-salovci.si\/files\/2025\/10\/545384812_1333089208213415_7239839966748418101_n-1-864x1536.jpg 864w, https:\/\/vrtec.os-salovci.si\/files\/2025\/10\/545384812_1333089208213415_7239839966748418101_n-1-947x1684.jpg 947w, https:\/\/vrtec.os-salovci.si\/files\/2025\/10\/545384812_1333089208213415_7239839966748418101_n-1-624x1109.jpg 624w, https:\/\/vrtec.os-salovci.si\/files\/2025\/10\/545384812_1333089208213415_7239839966748418101_n-1.jpg 1152w\" sizes=\"auto, (max-width: 576px) 100vw, 576px\" \/><\/a><\/figure>\n<\/div>","protected":false},"excerpt":{"rendered":"<p>Vrtec \u0160alovci tudi letos sodeluje v programu Nacionalni mesec skupnega branja, saj verjamejo, da se ljubezen do knjig za\u010dne \u017ee v otro\u0161tvu.&nbsp; &#8221;&nbsp;\u010ce \u017eelite, da bi bili otroci pametni, jim [&hellip;]<\/p>\n","protected":false},"author":81642,"featured_media":5661,"comment_status":"closed","ping_status":"open","sticky":false,"template":"","format":"standard","meta":{"ngg_post_thumbnail":0,"footnotes":""},"categories":[1],"tags":[],"class_list":["post-5660","post","type-post","status-publish","format-standard","has-post-thumbnail","hentry","category-novice"],"_links":{"self":[{"href":"https:\/\/vrtec.os-salovci.si\/index.php?rest_route=\/wp\/v2\/posts\/5660","targetHints":{"allow":["GET"]}}],"collection":[{"href":"https:\/\/vrtec.os-salovci.si\/index.php?rest_route=\/wp\/v2\/posts"}],"about":[{"href":"https:\/\/vrtec.os-salovci.si\/index.php?rest_route=\/wp\/v2\/types\/post"}],"author":[{"embeddable":true,"href":"https:\/\/vrtec.os-salovci.si\/index.php?rest_route=\/wp\/v2\/users\/81642"}],"replies":[{"embeddable":true,"href":"https:\/\/vrtec.os-salovci.si\/index.php?rest_route=%2Fwp%2Fv2%2Fcomments&post=5660"}],"version-history":[{"count":1,"href":"https:\/\/vrtec.os-salovci.si\/index.php?rest_route=\/wp\/v2\/posts\/5660\/revisions"}],"predecessor-version":[{"id":5662,"href":"https:\/\/vrtec.os-salovci.si\/index.php?rest_route=\/wp\/v2\/posts\/5660\/revisions\/5662"}],"wp:featuredmedia":[{"embeddable":true,"href":"https:\/\/vrtec.os-salovci.si\/index.php?rest_route=\/wp\/v2\/media\/5661"}],"wp:attachment":[{"href":"https:\/\/vrtec.os-salovci.si\/index.php?rest_route=%2Fwp%2Fv2%2Fmedia&parent=5660"}],"wp:term":[{"taxonomy":"category","embeddable":true,"href":"https:\/\/vrtec.os-salovci.si\/index.php?rest_route=%2Fwp%2Fv2%2Fcategories&post=5660"},{"taxonomy":"post_tag","embeddable":true,"href":"https:\/\/vrtec.os-salovci.si\/index.php?rest_route=%2Fwp%2Fv2%2Ftags&post=5660"}],"curies":[{"name":"wp","href":"https:\/\/api.w.org\/{rel}","templated":true}]}}