{"id":5624,"date":"2025-09-09T07:12:45","date_gmt":"2025-09-09T05:12:45","guid":{"rendered":"https:\/\/vrtecsalovci.splet.arnes.si\/?p=5624"},"modified":"2025-09-09T07:12:46","modified_gmt":"2025-09-09T05:12:46","slug":"vrtec-salovci-se-pridruzuje-nacionalnemu-mesecu-skupnega-branja","status":"publish","type":"post","link":"https:\/\/vrtec.os-salovci.si\/?p=5624","title":{"rendered":"Vrtec \u0160alovci se pridru\u017euje Nacionalnemu mesecu skupnega branja"},"content":{"rendered":"\n<p><strong><em>&#8220;\u010ce \u017eelite, da bi bili otroci pametni, jim berite pravljice. \u010ce \u017eelite, da bi bili \u0161e bolj pametni, jim berite \u0161e ve\u010d pravljic.&#8221; (Albert Einstein)<\/em><\/strong><\/p>\n\n\n\n<p>\u00a0V vrtcu \u0160alovci mesec september posve\u010damo spodbujanju bralne kulture, saj verjamemo, da se ljubezen do knjig razvija \u017ee v zgodnjem otro\u0161tvu. Tudi letos smo se z veseljem pridru\u017eili\u00a0<strong>Nacionalnemu mesecu skupnega branja (NMSB)<\/strong>, ki poudarja pomen skupnega branja in povezovanja skozi zgodbe.\u00a0Skupno branje ni le zabavno, temve\u010d spodbuja tudi domi\u0161ljijo, jezikovni razvoj in medsebojno povezanost.<br><\/p>\n\n\n<div class=\"wp-block-image\">\n<figure class=\"aligncenter size-large\"><a href=\"https:\/\/vrtec.os-salovci.si\/files\/2025\/09\/1079d7b6-dd65-4c7c-8be9-2032d3fa1139.jpg\"><img loading=\"lazy\" decoding=\"async\" width=\"576\" height=\"1024\" src=\"https:\/\/vrtec.os-salovci.si\/files\/2025\/09\/1079d7b6-dd65-4c7c-8be9-2032d3fa1139-576x1024.jpg\" alt=\"\" class=\"wp-image-5625\" srcset=\"https:\/\/vrtec.os-salovci.si\/files\/2025\/09\/1079d7b6-dd65-4c7c-8be9-2032d3fa1139-576x1024.jpg 576w, https:\/\/vrtec.os-salovci.si\/files\/2025\/09\/1079d7b6-dd65-4c7c-8be9-2032d3fa1139-169x300.jpg 169w, https:\/\/vrtec.os-salovci.si\/files\/2025\/09\/1079d7b6-dd65-4c7c-8be9-2032d3fa1139-768x1365.jpg 768w, https:\/\/vrtec.os-salovci.si\/files\/2025\/09\/1079d7b6-dd65-4c7c-8be9-2032d3fa1139-864x1536.jpg 864w, https:\/\/vrtec.os-salovci.si\/files\/2025\/09\/1079d7b6-dd65-4c7c-8be9-2032d3fa1139-947x1684.jpg 947w, https:\/\/vrtec.os-salovci.si\/files\/2025\/09\/1079d7b6-dd65-4c7c-8be9-2032d3fa1139-624x1109.jpg 624w, https:\/\/vrtec.os-salovci.si\/files\/2025\/09\/1079d7b6-dd65-4c7c-8be9-2032d3fa1139.jpg 1152w\" sizes=\"auto, (max-width: 576px) 100vw, 576px\" \/><\/a><\/figure>\n<\/div>","protected":false},"excerpt":{"rendered":"<p>&#8220;\u010ce \u017eelite, da bi bili otroci pametni, jim berite pravljice. \u010ce \u017eelite, da bi bili \u0161e bolj pametni, jim berite \u0161e ve\u010d pravljic.&#8221; (Albert Einstein) \u00a0V vrtcu \u0160alovci mesec september [&hellip;]<\/p>\n","protected":false},"author":81642,"featured_media":5625,"comment_status":"closed","ping_status":"open","sticky":false,"template":"","format":"standard","meta":{"ngg_post_thumbnail":0,"footnotes":""},"categories":[1],"tags":[],"class_list":["post-5624","post","type-post","status-publish","format-standard","has-post-thumbnail","hentry","category-novice"],"_links":{"self":[{"href":"https:\/\/vrtec.os-salovci.si\/index.php?rest_route=\/wp\/v2\/posts\/5624","targetHints":{"allow":["GET"]}}],"collection":[{"href":"https:\/\/vrtec.os-salovci.si\/index.php?rest_route=\/wp\/v2\/posts"}],"about":[{"href":"https:\/\/vrtec.os-salovci.si\/index.php?rest_route=\/wp\/v2\/types\/post"}],"author":[{"embeddable":true,"href":"https:\/\/vrtec.os-salovci.si\/index.php?rest_route=\/wp\/v2\/users\/81642"}],"replies":[{"embeddable":true,"href":"https:\/\/vrtec.os-salovci.si\/index.php?rest_route=%2Fwp%2Fv2%2Fcomments&post=5624"}],"version-history":[{"count":1,"href":"https:\/\/vrtec.os-salovci.si\/index.php?rest_route=\/wp\/v2\/posts\/5624\/revisions"}],"predecessor-version":[{"id":5626,"href":"https:\/\/vrtec.os-salovci.si\/index.php?rest_route=\/wp\/v2\/posts\/5624\/revisions\/5626"}],"wp:featuredmedia":[{"embeddable":true,"href":"https:\/\/vrtec.os-salovci.si\/index.php?rest_route=\/wp\/v2\/media\/5625"}],"wp:attachment":[{"href":"https:\/\/vrtec.os-salovci.si\/index.php?rest_route=%2Fwp%2Fv2%2Fmedia&parent=5624"}],"wp:term":[{"taxonomy":"category","embeddable":true,"href":"https:\/\/vrtec.os-salovci.si\/index.php?rest_route=%2Fwp%2Fv2%2Fcategories&post=5624"},{"taxonomy":"post_tag","embeddable":true,"href":"https:\/\/vrtec.os-salovci.si\/index.php?rest_route=%2Fwp%2Fv2%2Ftags&post=5624"}],"curies":[{"name":"wp","href":"https:\/\/api.w.org\/{rel}","templated":true}]}}