{"id":5621,"date":"2025-09-09T07:10:34","date_gmt":"2025-09-09T05:10:34","guid":{"rendered":"https:\/\/vrtecsalovci.splet.arnes.si\/?p=5621"},"modified":"2025-09-09T07:11:10","modified_gmt":"2025-09-09T05:11:10","slug":"kuza-pazi-obisce-otroke-prvi-dan-v-vrtcu","status":"publish","type":"post","link":"https:\/\/vrtec.os-salovci.si\/?p=5621","title":{"rendered":"Ku\u017ea Pazi obi\u0161\u010de otroke prvi dan v vrtcu"},"content":{"rendered":"\n<p>Na otrokom prijazen, igriv in pou\u010den na\u010din je Ku\u017ea Pazi predstavil osnovna pravila varnega vedenja v prometu. Skupaj so spoznali:<\/p>\n\n\n\n<ul class=\"wp-block-list\">\n<li>kako pravilno pre\u010dkamo cesto,<\/li>\n\n\n\n<li>zakaj moramo biti vedno pozorni na prometne znake,<\/li>\n\n\n\n<li>kako pomembno je, da nas odrasli dr\u017eijo za roko,<\/li>\n\n\n\n<li>in zakaj moramo vedno nositi svetla obla\u010dila ali odsevnike.<\/li>\n<\/ul>\n\n\n\n<p>Otroci so z zanimanjem poslu\u0161ali ter sodelovali v pogovoru.<\/p>\n\n\n<div class=\"wp-block-image\">\n<figure class=\"aligncenter size-full\"><a href=\"https:\/\/vrtec.os-salovci.si\/files\/2025\/09\/Kuza-Pazi-obisce-otroke-prvi-dan-v-vrtcu.jpg\"><img loading=\"lazy\" decoding=\"async\" width=\"1920\" height=\"1080\" src=\"https:\/\/vrtec.os-salovci.si\/files\/2025\/09\/Kuza-Pazi-obisce-otroke-prvi-dan-v-vrtcu.jpg\" alt=\"\" class=\"wp-image-5622\" srcset=\"https:\/\/vrtec.os-salovci.si\/files\/2025\/09\/Kuza-Pazi-obisce-otroke-prvi-dan-v-vrtcu.jpg 1920w, https:\/\/vrtec.os-salovci.si\/files\/2025\/09\/Kuza-Pazi-obisce-otroke-prvi-dan-v-vrtcu-300x169.jpg 300w, https:\/\/vrtec.os-salovci.si\/files\/2025\/09\/Kuza-Pazi-obisce-otroke-prvi-dan-v-vrtcu-1024x576.jpg 1024w, https:\/\/vrtec.os-salovci.si\/files\/2025\/09\/Kuza-Pazi-obisce-otroke-prvi-dan-v-vrtcu-768x432.jpg 768w, https:\/\/vrtec.os-salovci.si\/files\/2025\/09\/Kuza-Pazi-obisce-otroke-prvi-dan-v-vrtcu-1536x864.jpg 1536w, https:\/\/vrtec.os-salovci.si\/files\/2025\/09\/Kuza-Pazi-obisce-otroke-prvi-dan-v-vrtcu-947x533.jpg 947w, https:\/\/vrtec.os-salovci.si\/files\/2025\/09\/Kuza-Pazi-obisce-otroke-prvi-dan-v-vrtcu-624x351.jpg 624w\" sizes=\"auto, (max-width: 1920px) 100vw, 1920px\" \/><\/a><\/figure>\n<\/div>","protected":false},"excerpt":{"rendered":"<p>Na otrokom prijazen, igriv in pou\u010den na\u010din je Ku\u017ea Pazi predstavil osnovna pravila varnega vedenja v prometu. Skupaj so spoznali: Otroci so z zanimanjem poslu\u0161ali ter sodelovali v pogovoru.<\/p>\n","protected":false},"author":81642,"featured_media":5622,"comment_status":"closed","ping_status":"open","sticky":false,"template":"","format":"standard","meta":{"ngg_post_thumbnail":0,"footnotes":""},"categories":[1],"tags":[],"class_list":["post-5621","post","type-post","status-publish","format-standard","has-post-thumbnail","hentry","category-novice"],"_links":{"self":[{"href":"https:\/\/vrtec.os-salovci.si\/index.php?rest_route=\/wp\/v2\/posts\/5621","targetHints":{"allow":["GET"]}}],"collection":[{"href":"https:\/\/vrtec.os-salovci.si\/index.php?rest_route=\/wp\/v2\/posts"}],"about":[{"href":"https:\/\/vrtec.os-salovci.si\/index.php?rest_route=\/wp\/v2\/types\/post"}],"author":[{"embeddable":true,"href":"https:\/\/vrtec.os-salovci.si\/index.php?rest_route=\/wp\/v2\/users\/81642"}],"replies":[{"embeddable":true,"href":"https:\/\/vrtec.os-salovci.si\/index.php?rest_route=%2Fwp%2Fv2%2Fcomments&post=5621"}],"version-history":[{"count":1,"href":"https:\/\/vrtec.os-salovci.si\/index.php?rest_route=\/wp\/v2\/posts\/5621\/revisions"}],"predecessor-version":[{"id":5623,"href":"https:\/\/vrtec.os-salovci.si\/index.php?rest_route=\/wp\/v2\/posts\/5621\/revisions\/5623"}],"wp:featuredmedia":[{"embeddable":true,"href":"https:\/\/vrtec.os-salovci.si\/index.php?rest_route=\/wp\/v2\/media\/5622"}],"wp:attachment":[{"href":"https:\/\/vrtec.os-salovci.si\/index.php?rest_route=%2Fwp%2Fv2%2Fmedia&parent=5621"}],"wp:term":[{"taxonomy":"category","embeddable":true,"href":"https:\/\/vrtec.os-salovci.si\/index.php?rest_route=%2Fwp%2Fv2%2Fcategories&post=5621"},{"taxonomy":"post_tag","embeddable":true,"href":"https:\/\/vrtec.os-salovci.si\/index.php?rest_route=%2Fwp%2Fv2%2Ftags&post=5621"}],"curies":[{"name":"wp","href":"https:\/\/api.w.org\/{rel}","templated":true}]}}