{"id":5613,"date":"2025-08-29T14:18:40","date_gmt":"2025-08-29T12:18:40","guid":{"rendered":"https:\/\/vrtecsalovci.splet.arnes.si\/?p=5613"},"modified":"2025-08-29T14:18:59","modified_gmt":"2025-08-29T12:18:59","slug":"dobrodosli-3","status":"publish","type":"post","link":"https:\/\/vrtec.os-salovci.si\/?p=5613","title":{"rendered":"Dobrodo\u0161li"},"content":{"rendered":"\n<pre class=\"wp-block-verse has-text-align-center\">\u00bbNase \u010disto nove hla\u010de, \u010devlje in kar spada skup,<br><br>dolg pogled \u0161e na igra\u010de in po mami\u010din poljub.<br><br>Potlej pa \u2026 O, saj \u017ee vemo:<br><br>\u00a0v vrtec mora na\u0161 junak\/junakinja!<br><br>Ni\u010d zato, \u010de z rahlo tremo;<br><br>vsak za\u010detek je te\u017eak\u00ab.<\/pre>\n\n\n\n<p>Dragi star\u0161i, dragi otroci!<\/p>\n\n\n\n<p>Poletni dnevi se po\u010dasi poslavljajo in pred nami je za\u010detek novega vrt\u010devskega leta, polnega novih do\u017eivetij, izzivov, u\u010denja in smeha. Veselimo se ponovnega snidenja z \u00bbstaro\u00ab dru\u017ebo in z navdu\u0161enjem pri\u010dakujemo nove obraze, ki bodo prvi\u010d prestopili vrata na\u0161ega vrtca.<\/p>\n\n\n\n<p>Otrokom \u017eelimo, da bi se v na\u0161i sredini po\u010dutili varno, sprejeto in veselo. Skupaj bomo ustvarjali prijetno okolje, kjer bo prostor za igro, prijateljstvo, raziskovanje in rast.<\/p>\n\n\n\n<p>Star\u0161em pa se zahvaljujemo za zaupanje. Verjamemo, da boste v na\u0161em vrtcu na\u0161li varno, \u010dustveno in spodbudno okolje za razvoj va\u0161ega otroka.<\/p>\n\n\n\n<p>Veselimo se sodelovanja, odprte komunikacije in skupnega ustvarjanja pozitivne izku\u0161nje za va\u0161e otroke.<\/p>\n\n\n\n<p>Naj bo to vrt\u010devsko leto polno toplih trenutkov, ustvarjalnosti in sr\u010dnih nasmehov!<\/p>\n\n\n\n<p>Lepo vas pozdravljamo.<\/p>\n\n\n\n<p>Dobrodo\u0161li novim dogodiv\u0161\u010dinam naproti v novem vrt\u010devskem letu 2025\/2026.<\/p>\n\n\n\n<p class=\"has-text-align-right\">KOLEKTIV VRTCA<\/p>\n\n\n<div class=\"wp-block-image\">\n<figure class=\"aligncenter size-large\"><a href=\"https:\/\/vrtec.os-salovci.si\/files\/2025\/08\/20250829_134803-scaled.jpg\"><img loading=\"lazy\" decoding=\"async\" width=\"513\" height=\"1024\" src=\"https:\/\/vrtec.os-salovci.si\/files\/2025\/08\/20250829_134803-513x1024.jpg\" alt=\"\" class=\"wp-image-5614\" srcset=\"https:\/\/vrtec.os-salovci.si\/files\/2025\/08\/20250829_134803-513x1024.jpg 513w, https:\/\/vrtec.os-salovci.si\/files\/2025\/08\/20250829_134803-150x300.jpg 150w, https:\/\/vrtec.os-salovci.si\/files\/2025\/08\/20250829_134803-768x1532.jpg 768w, https:\/\/vrtec.os-salovci.si\/files\/2025\/08\/20250829_134803-770x1536.jpg 770w, https:\/\/vrtec.os-salovci.si\/files\/2025\/08\/20250829_134803-1027x2048.jpg 1027w, https:\/\/vrtec.os-salovci.si\/files\/2025\/08\/20250829_134803-947x1889.jpg 947w, https:\/\/vrtec.os-salovci.si\/files\/2025\/08\/20250829_134803-624x1245.jpg 624w, https:\/\/vrtec.os-salovci.si\/files\/2025\/08\/20250829_134803-scaled.jpg 1283w\" sizes=\"auto, (max-width: 513px) 100vw, 513px\" \/><\/a><\/figure>\n<\/div>\n\n<div class=\"wp-block-image\">\n<figure class=\"aligncenter size-large\"><a href=\"https:\/\/vrtec.os-salovci.si\/files\/2025\/08\/20250829_134942.jpg\"><img loading=\"lazy\" decoding=\"async\" width=\"1024\" height=\"1001\" src=\"https:\/\/vrtec.os-salovci.si\/files\/2025\/08\/20250829_134942-1024x1001.jpg\" alt=\"\" class=\"wp-image-5615\" srcset=\"https:\/\/vrtec.os-salovci.si\/files\/2025\/08\/20250829_134942-1024x1001.jpg 1024w, https:\/\/vrtec.os-salovci.si\/files\/2025\/08\/20250829_134942-300x293.jpg 300w, https:\/\/vrtec.os-salovci.si\/files\/2025\/08\/20250829_134942-768x751.jpg 768w, https:\/\/vrtec.os-salovci.si\/files\/2025\/08\/20250829_134942-1536x1501.jpg 1536w, https:\/\/vrtec.os-salovci.si\/files\/2025\/08\/20250829_134942-947x925.jpg 947w, https:\/\/vrtec.os-salovci.si\/files\/2025\/08\/20250829_134942-624x610.jpg 624w, https:\/\/vrtec.os-salovci.si\/files\/2025\/08\/20250829_134942.jpg 1848w\" sizes=\"auto, (max-width: 1024px) 100vw, 1024px\" \/><\/a><\/figure>\n<\/div>","protected":false},"excerpt":{"rendered":"<p>\u00bbNase \u010disto nove hla\u010de, \u010devlje in kar spada skup,dolg pogled \u0161e na igra\u010de in po mami\u010din poljub.Potlej pa \u2026 O, saj \u017ee vemo:\u00a0v vrtec mora na\u0161 junak\/junakinja!Ni\u010d zato, \u010de z [&hellip;]<\/p>\n","protected":false},"author":81642,"featured_media":5615,"comment_status":"closed","ping_status":"open","sticky":false,"template":"","format":"standard","meta":{"ngg_post_thumbnail":0,"footnotes":""},"categories":[1],"tags":[],"class_list":["post-5613","post","type-post","status-publish","format-standard","has-post-thumbnail","hentry","category-novice"],"_links":{"self":[{"href":"https:\/\/vrtec.os-salovci.si\/index.php?rest_route=\/wp\/v2\/posts\/5613","targetHints":{"allow":["GET"]}}],"collection":[{"href":"https:\/\/vrtec.os-salovci.si\/index.php?rest_route=\/wp\/v2\/posts"}],"about":[{"href":"https:\/\/vrtec.os-salovci.si\/index.php?rest_route=\/wp\/v2\/types\/post"}],"author":[{"embeddable":true,"href":"https:\/\/vrtec.os-salovci.si\/index.php?rest_route=\/wp\/v2\/users\/81642"}],"replies":[{"embeddable":true,"href":"https:\/\/vrtec.os-salovci.si\/index.php?rest_route=%2Fwp%2Fv2%2Fcomments&post=5613"}],"version-history":[{"count":1,"href":"https:\/\/vrtec.os-salovci.si\/index.php?rest_route=\/wp\/v2\/posts\/5613\/revisions"}],"predecessor-version":[{"id":5616,"href":"https:\/\/vrtec.os-salovci.si\/index.php?rest_route=\/wp\/v2\/posts\/5613\/revisions\/5616"}],"wp:featuredmedia":[{"embeddable":true,"href":"https:\/\/vrtec.os-salovci.si\/index.php?rest_route=\/wp\/v2\/media\/5615"}],"wp:attachment":[{"href":"https:\/\/vrtec.os-salovci.si\/index.php?rest_route=%2Fwp%2Fv2%2Fmedia&parent=5613"}],"wp:term":[{"taxonomy":"category","embeddable":true,"href":"https:\/\/vrtec.os-salovci.si\/index.php?rest_route=%2Fwp%2Fv2%2Fcategories&post=5613"},{"taxonomy":"post_tag","embeddable":true,"href":"https:\/\/vrtec.os-salovci.si\/index.php?rest_route=%2Fwp%2Fv2%2Ftags&post=5613"}],"curies":[{"name":"wp","href":"https:\/\/api.w.org\/{rel}","templated":true}]}}