{"id":5570,"date":"2025-04-22T09:34:04","date_gmt":"2025-04-22T07:34:04","guid":{"rendered":"https:\/\/vrtecsalovci.splet.arnes.si\/?p=5570"},"modified":"2025-04-22T09:34:04","modified_gmt":"2025-04-22T07:34:04","slug":"v-pricakovanju-%f0%9f%90%b0%f0%9f%90%a3%f0%9f%a5%9a","status":"publish","type":"post","link":"https:\/\/vrtec.os-salovci.si\/?p=5570","title":{"rendered":"V PRI\u010cAKOVANJU &#8230;\u00a0\ud83d\udc30\ud83d\udc23\ud83e\udd5a"},"content":{"rendered":"\n<p>Sredina leto\u0161njega aprila je bila v pri\u010dakovanju Velike no\u010di in velikono\u010dnega zaj\u010dka. Otroci in vzgojiteljice  na\u0161ega vrtca smo v okviru dogajanj Velike no\u010di, obiskali Zavod za turizem v ob\u010dini \u0160alovci. Na plo\u0161\u010dadi pred stavbo zavoda sta nas pri\u010dakala in pogostila zaposlena v zavodu Renata in Toma\u017e, ki sta prava  \u010dloveka na pravem mestu. Prav posebna zahvala gre direktorju zavoda gospodu Toma\u017eu, ki je otrokom z odli\u010dno animacijo (risanjem, \u0161portnimi igrami) narisal \u0161iroke nasmehe na obrazu. \u017delimo si \u0161e ve\u010d tak\u0161nega dru\u017eenja. <\/p>\n\n\n\n<p>Hvala za vse.<\/p>\n\n\n\n<p class=\"has-text-align-right\">&nbsp; &nbsp; &nbsp; &nbsp; &nbsp; &nbsp; &nbsp; &nbsp; &nbsp; &nbsp; &nbsp; &nbsp; &nbsp; &nbsp; &nbsp; &nbsp; &nbsp; &nbsp; &nbsp; &nbsp; &nbsp; &nbsp; &nbsp; &nbsp; &nbsp; &nbsp; &nbsp; &nbsp; &nbsp; &nbsp; &nbsp; &nbsp; &nbsp; &nbsp; &nbsp; &nbsp; &nbsp; &nbsp; &nbsp; Kolektiv vrtca \u0160alovci<\/p>\n\n\n<div class=\"wp-block-image\">\n<figure class=\"aligncenter size-large\"><a href=\"https:\/\/vrtec.os-salovci.si\/files\/2025\/04\/20250422_083052-scaled.jpg\"><img loading=\"lazy\" decoding=\"async\" width=\"1024\" height=\"1024\" src=\"https:\/\/vrtec.os-salovci.si\/files\/2025\/04\/20250422_083052-1024x1024.jpg\" alt=\"\" class=\"wp-image-5571\" srcset=\"https:\/\/vrtec.os-salovci.si\/files\/2025\/04\/20250422_083052-1024x1024.jpg 1024w, https:\/\/vrtec.os-salovci.si\/files\/2025\/04\/20250422_083052-300x300.jpg 300w, https:\/\/vrtec.os-salovci.si\/files\/2025\/04\/20250422_083052-150x150.jpg 150w, https:\/\/vrtec.os-salovci.si\/files\/2025\/04\/20250422_083052-768x768.jpg 768w, https:\/\/vrtec.os-salovci.si\/files\/2025\/04\/20250422_083052-1536x1536.jpg 1536w, https:\/\/vrtec.os-salovci.si\/files\/2025\/04\/20250422_083052-2048x2048.jpg 2048w, https:\/\/vrtec.os-salovci.si\/files\/2025\/04\/20250422_083052-947x947.jpg 947w, https:\/\/vrtec.os-salovci.si\/files\/2025\/04\/20250422_083052-624x624.jpg 624w\" sizes=\"auto, (max-width: 1024px) 100vw, 1024px\" \/><\/a><\/figure>\n<\/div>","protected":false},"excerpt":{"rendered":"<p>Sredina leto\u0161njega aprila je bila v pri\u010dakovanju Velike no\u010di in velikono\u010dnega zaj\u010dka. Otroci in vzgojiteljice na\u0161ega vrtca smo v okviru dogajanj Velike no\u010di, obiskali Zavod za turizem v ob\u010dini \u0160alovci. [&hellip;]<\/p>\n","protected":false},"author":81642,"featured_media":5571,"comment_status":"closed","ping_status":"open","sticky":false,"template":"","format":"standard","meta":{"ngg_post_thumbnail":0,"footnotes":""},"categories":[1],"tags":[],"class_list":["post-5570","post","type-post","status-publish","format-standard","has-post-thumbnail","hentry","category-novice"],"_links":{"self":[{"href":"https:\/\/vrtec.os-salovci.si\/index.php?rest_route=\/wp\/v2\/posts\/5570","targetHints":{"allow":["GET"]}}],"collection":[{"href":"https:\/\/vrtec.os-salovci.si\/index.php?rest_route=\/wp\/v2\/posts"}],"about":[{"href":"https:\/\/vrtec.os-salovci.si\/index.php?rest_route=\/wp\/v2\/types\/post"}],"author":[{"embeddable":true,"href":"https:\/\/vrtec.os-salovci.si\/index.php?rest_route=\/wp\/v2\/users\/81642"}],"replies":[{"embeddable":true,"href":"https:\/\/vrtec.os-salovci.si\/index.php?rest_route=%2Fwp%2Fv2%2Fcomments&post=5570"}],"version-history":[{"count":1,"href":"https:\/\/vrtec.os-salovci.si\/index.php?rest_route=\/wp\/v2\/posts\/5570\/revisions"}],"predecessor-version":[{"id":5572,"href":"https:\/\/vrtec.os-salovci.si\/index.php?rest_route=\/wp\/v2\/posts\/5570\/revisions\/5572"}],"wp:featuredmedia":[{"embeddable":true,"href":"https:\/\/vrtec.os-salovci.si\/index.php?rest_route=\/wp\/v2\/media\/5571"}],"wp:attachment":[{"href":"https:\/\/vrtec.os-salovci.si\/index.php?rest_route=%2Fwp%2Fv2%2Fmedia&parent=5570"}],"wp:term":[{"taxonomy":"category","embeddable":true,"href":"https:\/\/vrtec.os-salovci.si\/index.php?rest_route=%2Fwp%2Fv2%2Fcategories&post=5570"},{"taxonomy":"post_tag","embeddable":true,"href":"https:\/\/vrtec.os-salovci.si\/index.php?rest_route=%2Fwp%2Fv2%2Ftags&post=5570"}],"curies":[{"name":"wp","href":"https:\/\/api.w.org\/{rel}","templated":true}]}}