{"id":5565,"date":"2025-04-14T09:58:52","date_gmt":"2025-04-14T07:58:52","guid":{"rendered":"https:\/\/vrtecsalovci.splet.arnes.si\/?p=5565"},"modified":"2025-04-14T10:18:51","modified_gmt":"2025-04-14T08:18:51","slug":"pojav-usi","status":"publish","type":"post","link":"https:\/\/vrtec.os-salovci.si\/?p=5565","title":{"rendered":"Pojav u\u0161i"},"content":{"rendered":"\n<p>Spo\u0161tovani star\u0161i!<\/p>\n\n\n\n<p>Obve\u0161\u010damo vas, da so se na \u0161oli pojavile naglavne u\u0161i. Klju\u010dno vlogo pri spoprijemanju s to nadlogo imate star\u0161i. V \u010dasu pojava u\u0161i, je potrebno dnevno pregledovanje lasi\u0161\u010da, sicer pa vsaj enkrat tedensko.<\/p>\n\n\n\n<p>Prosimo vas, da obvestilo sprejmete odgovorno. Navajamo nekaj nasvetov Nacionalnega instituta za javno zdravje.<\/p>\n\n\n\n<p><strong><u>Navodila za razu\u0161evanje:<\/u><\/strong><\/p>\n\n\n\n<p>Ko opazite u\u0161i, je pomembno, da natan\u010dno pregledate lasi\u0161\u010de vsem dru\u017einskim \u010dlanom, ne le otrokom.<\/p>\n\n\n\n<p>Zdravila za zatiranje u\u0161i kupimo v lekarni, kjer nam bodo odgovorili na vsa vpra\u0161anja o uporabi teh sredstev, ki so trenutno naprodaj.<\/p>\n\n\n\n<p>Najprej operemo lase z navadnim \u0161amponom, ki ga obi\u010dajno uporabljamo.<\/p>\n\n\n\n<p>Nato na \u010disto lasi\u0161\u010de nanesemo poseben \u0161ampon ali zdravilo proti u\u0161ivosti \u2013 po navodilih!<\/p>\n\n\n\n<p>Po predpisanem \u010dasu to sredstvo temeljito speremo, mokre lase pre\u010de\u0161emo z gostim glavnikom \u2013 od za\u010detka do konca lasu \u2013 da odstranimo ostanke gnid in u\u0161i.<\/p>\n\n\n\n<p>Postopek je treba ponoviti \u010dez 7 dni, ko se iz preostalih gnid izle\u017eejo nove u\u0161i.<\/p>\n\n\n\n<p><strong><u>Higienski ukrepi:<\/u><\/strong><\/p>\n\n\n\n<p>Vse predmete za higieno las (krta\u010de, glavnike, sponke, naglavne obro\u010de \u2026) in igra\u010de je treba oprati v vro\u010di vodi, najmanj 10 min pri vsaj 60\u00b0C. Ne pozabite kap, rutic, pokrival.<\/p>\n\n\n\n<p>Obleko, posteljnino, osebno perilo, okrasne blazine \u2026 je potrebno oprati pri najvi\u0161ji dovoljeni temperaturi \u2013 po mo\u017enosti 95\u00b0C. Prelikamo z likalnikom.<\/p>\n\n\n\n<p>Obleke in predmete, ki se ne smejo prati, zavr\u017eemo ali jih vsaj 14 dni nepredu\u0161no zapremo v plasti\u010dno vre\u010dko \u2013 lahko tudi v zamrzovalnik.<\/p>\n\n\n\n<p>Stole s tekstilno oblogo, kav\u010de, prevleke, avtomobilske sede\u017ee in drugo oblazinjeno pohi\u0161tvo je treba temeljito s\u010distiti s sesalnikom.<\/p>\n\n\n\n<p><strong>V nadaljevanju je gradivo, ki nam je vsem v pomo\u010d pri prepre\u010devanju in ravnanju, ko se u\u0161i pojavijo.<\/strong><\/p>\n\n\n\n<p><strong><a href=\"http:\/\/www.nijz.si\/sl\/usi-naglavne-usi\">http:\/\/www.nijz.si\/sl\/usi-naglavne-usi<\/a><\/strong><\/p>\n\n\n\n<p>Informacije o u\u010dinkovitih sredstvih preverite v lekarni, osebnem zdravniku ali na straneh Nacionalnega in\u0161tituta za javno zdravje.<\/p>\n\n\n<div class=\"wp-block-image\">\n<figure class=\"aligncenter is-resized\"><img decoding=\"async\" src=\"https:\/\/ossalovci.splet.arnes.si\/files\/2025\/01\/image.png\" alt=\"\" class=\"wp-image-19914\" style=\"width:436px;height:auto\" \/><\/figure>\n<\/div>\n\n\n<p><\/p>\n","protected":false},"excerpt":{"rendered":"<p>Spo\u0161tovani star\u0161i! Obve\u0161\u010damo vas, da so se na \u0161oli pojavile naglavne u\u0161i. Klju\u010dno vlogo pri spoprijemanju s to nadlogo imate star\u0161i. V \u010dasu pojava u\u0161i, je potrebno dnevno pregledovanje lasi\u0161\u010da, [&hellip;]<\/p>\n","protected":false},"author":81642,"featured_media":5566,"comment_status":"closed","ping_status":"open","sticky":false,"template":"","format":"standard","meta":{"ngg_post_thumbnail":0,"footnotes":""},"categories":[1],"tags":[],"class_list":["post-5565","post","type-post","status-publish","format-standard","has-post-thumbnail","hentry","category-novice"],"_links":{"self":[{"href":"https:\/\/vrtec.os-salovci.si\/index.php?rest_route=\/wp\/v2\/posts\/5565","targetHints":{"allow":["GET"]}}],"collection":[{"href":"https:\/\/vrtec.os-salovci.si\/index.php?rest_route=\/wp\/v2\/posts"}],"about":[{"href":"https:\/\/vrtec.os-salovci.si\/index.php?rest_route=\/wp\/v2\/types\/post"}],"author":[{"embeddable":true,"href":"https:\/\/vrtec.os-salovci.si\/index.php?rest_route=\/wp\/v2\/users\/81642"}],"replies":[{"embeddable":true,"href":"https:\/\/vrtec.os-salovci.si\/index.php?rest_route=%2Fwp%2Fv2%2Fcomments&post=5565"}],"version-history":[{"count":2,"href":"https:\/\/vrtec.os-salovci.si\/index.php?rest_route=\/wp\/v2\/posts\/5565\/revisions"}],"predecessor-version":[{"id":5568,"href":"https:\/\/vrtec.os-salovci.si\/index.php?rest_route=\/wp\/v2\/posts\/5565\/revisions\/5568"}],"wp:featuredmedia":[{"embeddable":true,"href":"https:\/\/vrtec.os-salovci.si\/index.php?rest_route=\/wp\/v2\/media\/5566"}],"wp:attachment":[{"href":"https:\/\/vrtec.os-salovci.si\/index.php?rest_route=%2Fwp%2Fv2%2Fmedia&parent=5565"}],"wp:term":[{"taxonomy":"category","embeddable":true,"href":"https:\/\/vrtec.os-salovci.si\/index.php?rest_route=%2Fwp%2Fv2%2Fcategories&post=5565"},{"taxonomy":"post_tag","embeddable":true,"href":"https:\/\/vrtec.os-salovci.si\/index.php?rest_route=%2Fwp%2Fv2%2Ftags&post=5565"}],"curies":[{"name":"wp","href":"https:\/\/api.w.org\/{rel}","templated":true}]}}