{"id":5553,"date":"2025-03-28T10:05:43","date_gmt":"2025-03-28T09:05:43","guid":{"rendered":"https:\/\/vrtecsalovci.splet.arnes.si\/?p=5553"},"modified":"2025-03-28T10:05:56","modified_gmt":"2025-03-28T09:05:56","slug":"december-tiktaka-z-njim-leto-odkoraka","status":"publish","type":"post","link":"https:\/\/vrtec.os-salovci.si\/?p=5553","title":{"rendered":"\u2026DECEMBER TIKTAKA, Z NJIM LETO ODKORAKA"},"content":{"rendered":"\n<p>Iz nam poznane deklamacije\u2026smo vstopili v zadnji mesec v letu 2024. Leto\u0161nja zima spet ni bila bela, vendar nam to ni povzro\u010dalo preglavic pri na\u0161em prazni\u010dnem vzdu\u0161ju, ki smo si ga pri\u010darali v mesecu decembru. Kar nekaj aktivnosti smo izvedli skupaj z mlaj\u0161o skupino, kajti mesec december je \u010das, ko se dru\u017eimo ter tkemo \u010darobne spomine, ki nam bodo ostali zavedno v spominu. Prazni\u010dno jogo je v okviru Centra za krepitev zdravja Murska Sobota z nami izvajala dipl.med.sestra Katja Lebar. Med jogo so se otroci \u00a0zabavali ter spro\u0161\u010dali, prav tako pa so odpotovali v daljno \u010darobno de\u017eelo, kjer so spoznavali razli\u010dna \u010darobna bitja. Praznovanja decembra ne bi bilo, \u010de otrokom nebi Miklav\u017e prinesel sladki pribolj\u0161ek, na \u0161ibe pa je seveda Parkelj pozabil, kajti v na\u0161em vrtcu so sami pridni otroci. Poseben \u010dar v vrtcu je okra\u0161ena jelka, skupaj z mlaj\u0161o skupino smo jo okrasili. Ob bo\u017ei\u010dni glasbi so otroci z iskricami v o\u010deh okra\u0161evali jelko.\u00a0Pri spremljanju vrt\u010devskega prazni\u010dnega koledarja je ena izmed nalog bila, da otroci spe\u010dejo \u0161kratove pi\u0161kote. Otroci so aktivno sodelovali pri peki, z model\u010dki so izrezovali ter oblikovali medenjake najrazli\u010dnej\u0161ih oblik. Medenjaki so di\u0161ali po celem vrtcu ter bili zelo okusni. V decembru smo organizirale tudi bo\u017ei\u010dno delavnico s star\u0161i, izdelali so bo\u017ei\u010dne \u0161krate, katere so po kon\u010dani delavnici odnesli v svoje domove. Otroci so bili veseli, da so star\u0161i obiskali njihov vrtec. Skupaj z u\u010diteljico Valerijo ter njenimi u\u010denci smo si v \u0161oli pripravili kino, ogledali smo si risanko Fran\u010dkov prvi bo\u017ei\u010d. Pisanja ( risanja) pisem bo\u017ei\u010dku ima pri otrocih posebno noto, kajti z veliko radostjo se tega lotijo, pisma so otroci odnesli v \u0161katlo, ki jih je \u010dakala na igri\u0161\u010du. Otroci so bili usli\u0161ani, kajti res nas je pred prazniki obiskal Bo\u017ei\u010dek v ob\u010dinski dvorani. Mesec januar je prinesel mnogo raznolikih dejavnosti, ki so bile povezane na zimsko tematiko. Preko kami\u0161ibaja so otroci poslu\u0161ali deklamacijo z naslovom \u00bbJanuar\u00ab, sami so se preizkusili pri prepovedovanju deklamacije ter ob tem uporabili lutke, preko lutk so premagali tudi za\u010detno tremo, katero so nekateri otroci imeli. V tem zimskem \u010dasu smo spoznavali ptice ter za njih skrbeli. Podrobneje smo spoznali plav\u010dka ter sini\u010dko. Otroci so okrasili igralnico z njihovimi pti\u010djimi krmilnicami ter zunaj skrbeli, da so imele ptice hrano. V \u0161olski knji\u017enici pa so otroci iskali literaturo o pticah. Mesec kulture in ljubezni je bil februar. Preko izobe\u0161ene zastave v igralnici smo si ogledali slovensko zastavo, pogovorili se o pomenu grba ter poslu\u0161ali slovensko himno. Otroci so se potrudili pri risanju Pre\u0161ernovih portretov z ogljem. Za svoje najdra\u017eje so otroci izdelali ljubezenske vo\u0161\u010dilnice, vsaka je bila edinstvena, narejena iz srca. Na plan so pokukali prvi znanilci pomladi, \u010das je, da pozdravimo pomlad in se poslovimo od zimskega \u010dasa.<\/p>\n\n\n<div class=\"wp-block-image\">\n<figure class=\"aligncenter size-large\"><a href=\"https:\/\/vrtec.os-salovci.si\/files\/2025\/03\/3-1.jpg\"><img loading=\"lazy\" decoding=\"async\" width=\"1024\" height=\"576\" src=\"https:\/\/vrtec.os-salovci.si\/files\/2025\/03\/3-1-1024x576.jpg\" alt=\"\" class=\"wp-image-5554\" srcset=\"https:\/\/vrtec.os-salovci.si\/files\/2025\/03\/3-1-1024x576.jpg 1024w, https:\/\/vrtec.os-salovci.si\/files\/2025\/03\/3-1-300x169.jpg 300w, https:\/\/vrtec.os-salovci.si\/files\/2025\/03\/3-1-768x432.jpg 768w, https:\/\/vrtec.os-salovci.si\/files\/2025\/03\/3-1-1536x864.jpg 1536w, https:\/\/vrtec.os-salovci.si\/files\/2025\/03\/3-1-947x533.jpg 947w, https:\/\/vrtec.os-salovci.si\/files\/2025\/03\/3-1-624x351.jpg 624w, https:\/\/vrtec.os-salovci.si\/files\/2025\/03\/3-1.jpg 1920w\" sizes=\"auto, (max-width: 1024px) 100vw, 1024px\" \/><\/a><\/figure>\n<\/div>\n\n<div class=\"wp-block-image\">\n<figure class=\"aligncenter size-large\"><a href=\"https:\/\/vrtec.os-salovci.si\/files\/2025\/03\/1-2.jpg\"><img loading=\"lazy\" decoding=\"async\" width=\"1024\" height=\"576\" src=\"https:\/\/vrtec.os-salovci.si\/files\/2025\/03\/1-2-1024x576.jpg\" alt=\"\" class=\"wp-image-5555\" srcset=\"https:\/\/vrtec.os-salovci.si\/files\/2025\/03\/1-2-1024x576.jpg 1024w, https:\/\/vrtec.os-salovci.si\/files\/2025\/03\/1-2-300x169.jpg 300w, https:\/\/vrtec.os-salovci.si\/files\/2025\/03\/1-2-768x432.jpg 768w, https:\/\/vrtec.os-salovci.si\/files\/2025\/03\/1-2-1536x864.jpg 1536w, https:\/\/vrtec.os-salovci.si\/files\/2025\/03\/1-2-947x533.jpg 947w, https:\/\/vrtec.os-salovci.si\/files\/2025\/03\/1-2-624x351.jpg 624w, https:\/\/vrtec.os-salovci.si\/files\/2025\/03\/1-2.jpg 1920w\" sizes=\"auto, (max-width: 1024px) 100vw, 1024px\" \/><\/a><\/figure>\n<\/div>\n\n<div class=\"wp-block-image\">\n<figure class=\"aligncenter size-large\"><a href=\"https:\/\/vrtec.os-salovci.si\/files\/2025\/03\/2-2.jpg\"><img loading=\"lazy\" decoding=\"async\" width=\"1024\" height=\"576\" src=\"https:\/\/vrtec.os-salovci.si\/files\/2025\/03\/2-2-1024x576.jpg\" alt=\"\" class=\"wp-image-5556\" srcset=\"https:\/\/vrtec.os-salovci.si\/files\/2025\/03\/2-2-1024x576.jpg 1024w, https:\/\/vrtec.os-salovci.si\/files\/2025\/03\/2-2-300x169.jpg 300w, https:\/\/vrtec.os-salovci.si\/files\/2025\/03\/2-2-768x432.jpg 768w, https:\/\/vrtec.os-salovci.si\/files\/2025\/03\/2-2-1536x864.jpg 1536w, https:\/\/vrtec.os-salovci.si\/files\/2025\/03\/2-2-947x533.jpg 947w, https:\/\/vrtec.os-salovci.si\/files\/2025\/03\/2-2-624x351.jpg 624w, https:\/\/vrtec.os-salovci.si\/files\/2025\/03\/2-2.jpg 1920w\" sizes=\"auto, (max-width: 1024px) 100vw, 1024px\" \/><\/a><\/figure>\n<\/div>","protected":false},"excerpt":{"rendered":"<p>Iz nam poznane deklamacije\u2026smo vstopili v zadnji mesec v letu 2024. Leto\u0161nja zima spet ni bila bela, vendar nam to ni povzro\u010dalo preglavic pri na\u0161em prazni\u010dnem vzdu\u0161ju, ki smo si [&hellip;]<\/p>\n","protected":false},"author":81642,"featured_media":5556,"comment_status":"closed","ping_status":"open","sticky":false,"template":"","format":"standard","meta":{"ngg_post_thumbnail":0,"footnotes":""},"categories":[1],"tags":[],"class_list":["post-5553","post","type-post","status-publish","format-standard","has-post-thumbnail","hentry","category-novice"],"_links":{"self":[{"href":"https:\/\/vrtec.os-salovci.si\/index.php?rest_route=\/wp\/v2\/posts\/5553","targetHints":{"allow":["GET"]}}],"collection":[{"href":"https:\/\/vrtec.os-salovci.si\/index.php?rest_route=\/wp\/v2\/posts"}],"about":[{"href":"https:\/\/vrtec.os-salovci.si\/index.php?rest_route=\/wp\/v2\/types\/post"}],"author":[{"embeddable":true,"href":"https:\/\/vrtec.os-salovci.si\/index.php?rest_route=\/wp\/v2\/users\/81642"}],"replies":[{"embeddable":true,"href":"https:\/\/vrtec.os-salovci.si\/index.php?rest_route=%2Fwp%2Fv2%2Fcomments&post=5553"}],"version-history":[{"count":1,"href":"https:\/\/vrtec.os-salovci.si\/index.php?rest_route=\/wp\/v2\/posts\/5553\/revisions"}],"predecessor-version":[{"id":5557,"href":"https:\/\/vrtec.os-salovci.si\/index.php?rest_route=\/wp\/v2\/posts\/5553\/revisions\/5557"}],"wp:featuredmedia":[{"embeddable":true,"href":"https:\/\/vrtec.os-salovci.si\/index.php?rest_route=\/wp\/v2\/media\/5556"}],"wp:attachment":[{"href":"https:\/\/vrtec.os-salovci.si\/index.php?rest_route=%2Fwp%2Fv2%2Fmedia&parent=5553"}],"wp:term":[{"taxonomy":"category","embeddable":true,"href":"https:\/\/vrtec.os-salovci.si\/index.php?rest_route=%2Fwp%2Fv2%2Fcategories&post=5553"},{"taxonomy":"post_tag","embeddable":true,"href":"https:\/\/vrtec.os-salovci.si\/index.php?rest_route=%2Fwp%2Fv2%2Ftags&post=5553"}],"curies":[{"name":"wp","href":"https:\/\/api.w.org\/{rel}","templated":true}]}}