{"id":5548,"date":"2025-03-28T09:51:46","date_gmt":"2025-03-28T08:51:46","guid":{"rendered":"https:\/\/vrtecsalovci.splet.arnes.si\/?p=5548"},"modified":"2025-03-28T09:51:46","modified_gmt":"2025-03-28T08:51:46","slug":"zimski-cas-pri-malckih","status":"publish","type":"post","link":"https:\/\/vrtec.os-salovci.si\/?p=5548","title":{"rendered":"ZIMSKI \u010cAS PRI MAL\u010cKIH"},"content":{"rendered":"\n<p>Zimski \u010das smo za\u010deli z mesecem decembrom, ki pa je \u0161e posebej \u010daroben, saj so nas v njem obiskali dobri mo\u017eje. Da smo jih pa la\u017eje pri\u010dakali, smo si dneve popestrili z razli\u010dnimi nalogami, ki so se skrivale v adventnem koledarju. Pisali smo pismo Bo\u017ei\u010dku, krasili smre\u010dico, pekli pi\u0161kote, pripravljali izdelke za Bo\u017ei\u010dno-novoletni bazar, se urili v fini motoriki, plesali, peli, skratka imeli smo se lepo. Navsezadnje pa je le bil december prekratek za vse \u017eelje pri ustvarjanju.<\/p>\n\n\n\n<p>Vsi pa vemo, da je zima \u010das, ko so dnevi mrzli in se moramo dobro oble\u010di. Tako smo v mesecu januarju spoznavali tudi obla\u010dila. Ugotovili smo, da smo pozimi tudi ve\u010dkrat bolni, zato smo se odlo\u010dili, da poskrbimo za na\u0161e zdravje in se okrepimo z vitamini. Pripravili smo sadne smutije, kateri so ve\u010dini otrok tudi teknili. Zimo smo si pri\u010darali v igralnici in v mesecu decembru Bo\u017ei\u010dku napisali, da si \u017eelimo snega, da bi lahko u\u017eivali v igri na njem. Notranje aktivnosti so bile raznolike, saj smo pri likovnem ustvarjanju pustili domi\u0161ljiji prosto pot. Nau\u010dili smo se tudi deklamacijo o sne\u017eaku, izdelali plakat, iskali zimske fotografije, prebirali knjige in \u0161e in \u0161e.&nbsp;Seveda nismo pozabili na gibanje in raziskovanje narave \u2013 sprehodi v okolici vrtca, igre na igri\u0161\u010du, opazovanje narave.<\/p>\n\n\n\n<p>Vstop v mesec februar je bil kulturno obarvan, kjer smo se spomnili na\u0161ega pesnika Franceta Pre\u0161erna. Izdelali smo Slovensko zastavo, se pogovorili o na\u0161em najve\u010djem pesniku. Vrtec smo odeli tudi v sr\u010dke, saj smo praznovali Valentinovo. Mesec februar smo posvetili mo\u010di \u010darobnih besed. Ob koncu februarja pa smo pri\u010deli s pripravami na pustovanje, ki se ga \u0161e posebej veselijo otroci.&nbsp;<\/p>\n\n\n\n<p>Zima se po\u010dasi poslavlja, mi pa \u017ee nestrpno pri\u010dakujemo nove dogodiv\u0161\u010dine, ki jih bo prinesla pomlad!<\/p>\n\n\n<div class=\"wp-block-image\">\n<figure class=\"aligncenter size-large\"><a href=\"https:\/\/vrtec.os-salovci.si\/files\/2025\/03\/OJ-DECEMBER-MESEC-PRICAKOVANJ-DAJ-NAS-RAZVESELI.jpg\"><img loading=\"lazy\" decoding=\"async\" width=\"1024\" height=\"576\" src=\"https:\/\/vrtec.os-salovci.si\/files\/2025\/03\/OJ-DECEMBER-MESEC-PRICAKOVANJ-DAJ-NAS-RAZVESELI-1024x576.jpg\" alt=\"\" class=\"wp-image-5549\" srcset=\"https:\/\/vrtec.os-salovci.si\/files\/2025\/03\/OJ-DECEMBER-MESEC-PRICAKOVANJ-DAJ-NAS-RAZVESELI-1024x576.jpg 1024w, https:\/\/vrtec.os-salovci.si\/files\/2025\/03\/OJ-DECEMBER-MESEC-PRICAKOVANJ-DAJ-NAS-RAZVESELI-300x169.jpg 300w, https:\/\/vrtec.os-salovci.si\/files\/2025\/03\/OJ-DECEMBER-MESEC-PRICAKOVANJ-DAJ-NAS-RAZVESELI-768x432.jpg 768w, https:\/\/vrtec.os-salovci.si\/files\/2025\/03\/OJ-DECEMBER-MESEC-PRICAKOVANJ-DAJ-NAS-RAZVESELI-1536x864.jpg 1536w, https:\/\/vrtec.os-salovci.si\/files\/2025\/03\/OJ-DECEMBER-MESEC-PRICAKOVANJ-DAJ-NAS-RAZVESELI-947x533.jpg 947w, https:\/\/vrtec.os-salovci.si\/files\/2025\/03\/OJ-DECEMBER-MESEC-PRICAKOVANJ-DAJ-NAS-RAZVESELI-624x351.jpg 624w, https:\/\/vrtec.os-salovci.si\/files\/2025\/03\/OJ-DECEMBER-MESEC-PRICAKOVANJ-DAJ-NAS-RAZVESELI.jpg 1920w\" sizes=\"auto, (max-width: 1024px) 100vw, 1024px\" \/><\/a><\/figure>\n<\/div>\n\n<div class=\"wp-block-image\">\n<figure class=\"aligncenter size-full\"><a href=\"https:\/\/vrtec.os-salovci.si\/files\/2025\/03\/MOC-CAROBNIH-BESED.png\"><img loading=\"lazy\" decoding=\"async\" width=\"940\" height=\"788\" src=\"https:\/\/vrtec.os-salovci.si\/files\/2025\/03\/MOC-CAROBNIH-BESED.png\" alt=\"\" class=\"wp-image-5550\" srcset=\"https:\/\/vrtec.os-salovci.si\/files\/2025\/03\/MOC-CAROBNIH-BESED.png 940w, https:\/\/vrtec.os-salovci.si\/files\/2025\/03\/MOC-CAROBNIH-BESED-300x251.png 300w, https:\/\/vrtec.os-salovci.si\/files\/2025\/03\/MOC-CAROBNIH-BESED-768x644.png 768w, https:\/\/vrtec.os-salovci.si\/files\/2025\/03\/MOC-CAROBNIH-BESED-624x523.png 624w\" sizes=\"auto, (max-width: 940px) 100vw, 940px\" \/><\/a><\/figure>\n<\/div>\n\n<div class=\"wp-block-image\">\n<figure class=\"aligncenter size-full\"><a href=\"https:\/\/vrtec.os-salovci.si\/files\/2025\/03\/ZIMSKO-VESELJE.jpg\"><img loading=\"lazy\" decoding=\"async\" width=\"940\" height=\"788\" src=\"https:\/\/vrtec.os-salovci.si\/files\/2025\/03\/ZIMSKO-VESELJE.jpg\" alt=\"\" class=\"wp-image-5551\" srcset=\"https:\/\/vrtec.os-salovci.si\/files\/2025\/03\/ZIMSKO-VESELJE.jpg 940w, https:\/\/vrtec.os-salovci.si\/files\/2025\/03\/ZIMSKO-VESELJE-300x251.jpg 300w, https:\/\/vrtec.os-salovci.si\/files\/2025\/03\/ZIMSKO-VESELJE-768x644.jpg 768w, https:\/\/vrtec.os-salovci.si\/files\/2025\/03\/ZIMSKO-VESELJE-624x523.jpg 624w\" sizes=\"auto, (max-width: 940px) 100vw, 940px\" \/><\/a><\/figure>\n<\/div>","protected":false},"excerpt":{"rendered":"<p>Zimski \u010das smo za\u010deli z mesecem decembrom, ki pa je \u0161e posebej \u010daroben, saj so nas v njem obiskali dobri mo\u017eje. Da smo jih pa la\u017eje pri\u010dakali, smo si dneve [&hellip;]<\/p>\n","protected":false},"author":81642,"featured_media":5551,"comment_status":"closed","ping_status":"open","sticky":false,"template":"","format":"standard","meta":{"ngg_post_thumbnail":0,"footnotes":""},"categories":[1],"tags":[],"class_list":["post-5548","post","type-post","status-publish","format-standard","has-post-thumbnail","hentry","category-novice"],"_links":{"self":[{"href":"https:\/\/vrtec.os-salovci.si\/index.php?rest_route=\/wp\/v2\/posts\/5548","targetHints":{"allow":["GET"]}}],"collection":[{"href":"https:\/\/vrtec.os-salovci.si\/index.php?rest_route=\/wp\/v2\/posts"}],"about":[{"href":"https:\/\/vrtec.os-salovci.si\/index.php?rest_route=\/wp\/v2\/types\/post"}],"author":[{"embeddable":true,"href":"https:\/\/vrtec.os-salovci.si\/index.php?rest_route=\/wp\/v2\/users\/81642"}],"replies":[{"embeddable":true,"href":"https:\/\/vrtec.os-salovci.si\/index.php?rest_route=%2Fwp%2Fv2%2Fcomments&post=5548"}],"version-history":[{"count":1,"href":"https:\/\/vrtec.os-salovci.si\/index.php?rest_route=\/wp\/v2\/posts\/5548\/revisions"}],"predecessor-version":[{"id":5552,"href":"https:\/\/vrtec.os-salovci.si\/index.php?rest_route=\/wp\/v2\/posts\/5548\/revisions\/5552"}],"wp:featuredmedia":[{"embeddable":true,"href":"https:\/\/vrtec.os-salovci.si\/index.php?rest_route=\/wp\/v2\/media\/5551"}],"wp:attachment":[{"href":"https:\/\/vrtec.os-salovci.si\/index.php?rest_route=%2Fwp%2Fv2%2Fmedia&parent=5548"}],"wp:term":[{"taxonomy":"category","embeddable":true,"href":"https:\/\/vrtec.os-salovci.si\/index.php?rest_route=%2Fwp%2Fv2%2Fcategories&post=5548"},{"taxonomy":"post_tag","embeddable":true,"href":"https:\/\/vrtec.os-salovci.si\/index.php?rest_route=%2Fwp%2Fv2%2Ftags&post=5548"}],"curies":[{"name":"wp","href":"https:\/\/api.w.org\/{rel}","templated":true}]}}