{"id":5510,"date":"2025-01-14T14:14:10","date_gmt":"2025-01-14T13:14:10","guid":{"rendered":"https:\/\/vrtecsalovci.splet.arnes.si\/?p=5510"},"modified":"2025-01-14T14:14:10","modified_gmt":"2025-01-14T13:14:10","slug":"vpis-v-vrtec-2","status":"publish","type":"post","link":"https:\/\/vrtec.os-salovci.si\/?p=5510","title":{"rendered":"Vpis v vrtec"},"content":{"rendered":"\n<p>Vrtec pri O\u0160 \u0160alovci vpisuje in sprejema otroke v svoje programe na podlagi prijav vse leto glede na prosta mesta. Da pa bo na\u0161 za\u010detek \u0161e la\u017eji, pa Vas vabimo na redni vpis ter na dneva odprtih vrat.\u00a0Ve\u010d informacij glede vpisa dobite na tej povezavi:\u00a0<a rel=\"noreferrer noopener\" href=\"https:\/\/vrtec.os-salovci.si\/?page_id=763\" target=\"_blank\">https:\/\/vrtec.os-salovci.si\/?page_id=763<\/a><\/p>\n\n\n\n<figure class=\"wp-block-image size-full is-resized\"><a href=\"https:\/\/vrtec.os-salovci.si\/files\/2025\/01\/Brown-Playful-Kindergarten-Admission-Flyer-Portrait-3-1.jpg\"><img loading=\"lazy\" decoding=\"async\" width=\"1414\" height=\"2000\" src=\"https:\/\/vrtec.os-salovci.si\/files\/2025\/01\/Brown-Playful-Kindergarten-Admission-Flyer-Portrait-3-1.jpg\" alt=\"\" class=\"wp-image-5511\" style=\"aspect-ratio:0.70703125;width:902px;height:auto\" srcset=\"https:\/\/vrtec.os-salovci.si\/files\/2025\/01\/Brown-Playful-Kindergarten-Admission-Flyer-Portrait-3-1.jpg 1414w, https:\/\/vrtec.os-salovci.si\/files\/2025\/01\/Brown-Playful-Kindergarten-Admission-Flyer-Portrait-3-1-212x300.jpg 212w, https:\/\/vrtec.os-salovci.si\/files\/2025\/01\/Brown-Playful-Kindergarten-Admission-Flyer-Portrait-3-1-724x1024.jpg 724w, https:\/\/vrtec.os-salovci.si\/files\/2025\/01\/Brown-Playful-Kindergarten-Admission-Flyer-Portrait-3-1-768x1086.jpg 768w, https:\/\/vrtec.os-salovci.si\/files\/2025\/01\/Brown-Playful-Kindergarten-Admission-Flyer-Portrait-3-1-1086x1536.jpg 1086w, https:\/\/vrtec.os-salovci.si\/files\/2025\/01\/Brown-Playful-Kindergarten-Admission-Flyer-Portrait-3-1-947x1339.jpg 947w, https:\/\/vrtec.os-salovci.si\/files\/2025\/01\/Brown-Playful-Kindergarten-Admission-Flyer-Portrait-3-1-624x883.jpg 624w\" sizes=\"auto, (max-width: 1414px) 100vw, 1414px\" \/><\/a><\/figure>\n","protected":false},"excerpt":{"rendered":"<p>Vrtec pri O\u0160 \u0160alovci vpisuje in sprejema otroke v svoje programe na podlagi prijav vse leto glede na prosta mesta. Da pa bo na\u0161 za\u010detek \u0161e la\u017eji, pa Vas vabimo [&hellip;]<\/p>\n","protected":false},"author":81642,"featured_media":5511,"comment_status":"closed","ping_status":"closed","sticky":false,"template":"","format":"standard","meta":{"ngg_post_thumbnail":0,"footnotes":""},"categories":[1],"tags":[],"class_list":["post-5510","post","type-post","status-publish","format-standard","has-post-thumbnail","hentry","category-novice"],"_links":{"self":[{"href":"https:\/\/vrtec.os-salovci.si\/index.php?rest_route=\/wp\/v2\/posts\/5510","targetHints":{"allow":["GET"]}}],"collection":[{"href":"https:\/\/vrtec.os-salovci.si\/index.php?rest_route=\/wp\/v2\/posts"}],"about":[{"href":"https:\/\/vrtec.os-salovci.si\/index.php?rest_route=\/wp\/v2\/types\/post"}],"author":[{"embeddable":true,"href":"https:\/\/vrtec.os-salovci.si\/index.php?rest_route=\/wp\/v2\/users\/81642"}],"replies":[{"embeddable":true,"href":"https:\/\/vrtec.os-salovci.si\/index.php?rest_route=%2Fwp%2Fv2%2Fcomments&post=5510"}],"version-history":[{"count":1,"href":"https:\/\/vrtec.os-salovci.si\/index.php?rest_route=\/wp\/v2\/posts\/5510\/revisions"}],"predecessor-version":[{"id":5512,"href":"https:\/\/vrtec.os-salovci.si\/index.php?rest_route=\/wp\/v2\/posts\/5510\/revisions\/5512"}],"wp:featuredmedia":[{"embeddable":true,"href":"https:\/\/vrtec.os-salovci.si\/index.php?rest_route=\/wp\/v2\/media\/5511"}],"wp:attachment":[{"href":"https:\/\/vrtec.os-salovci.si\/index.php?rest_route=%2Fwp%2Fv2%2Fmedia&parent=5510"}],"wp:term":[{"taxonomy":"category","embeddable":true,"href":"https:\/\/vrtec.os-salovci.si\/index.php?rest_route=%2Fwp%2Fv2%2Fcategories&post=5510"},{"taxonomy":"post_tag","embeddable":true,"href":"https:\/\/vrtec.os-salovci.si\/index.php?rest_route=%2Fwp%2Fv2%2Ftags&post=5510"}],"curies":[{"name":"wp","href":"https:\/\/api.w.org\/{rel}","templated":true}]}}