{"id":5501,"date":"2024-12-22T12:23:15","date_gmt":"2024-12-22T11:23:15","guid":{"rendered":"https:\/\/vrtecsalovci.splet.arnes.si\/?p=5501"},"modified":"2024-12-23T12:24:02","modified_gmt":"2024-12-23T11:24:02","slug":"delovni-cas-med-prazniki","status":"publish","type":"post","link":"https:\/\/vrtec.os-salovci.si\/?p=5501","title":{"rendered":"Delovni \u010das med prazniki"},"content":{"rendered":"\n<div class=\"wp-block-group\"><div class=\"wp-block-group__inner-container is-layout-constrained wp-block-group-is-layout-constrained\">\n<p class=\"has-text-align-center\">SPO\u0160TOVANI STAR\u0160I!<\/p>\n\n\n\n<p class=\"has-text-align-center\">VRTEC BO MED BO\u017dI\u010cNO-NOVOLETNIMI PRAZNIKI<br><strong><u>ZAPRT.<\/u><\/strong><\/p>\n\n\n\n<p class=\"has-text-align-center\">ZADNJI\u010c LETOS BODO NA\u0160A VRATA VRTCA<br>ODPRTA V TOREK, 24. 12. 2024.<br>PONOVNO PA JIH BOMO ODPRLI<br>V PONEDELJEK, 6. 1. 2025.<\/p>\n\n\n\n<p class=\"has-text-align-center\">HVALA ZA RAZUMEVANJE.<\/p>\n\n\n\n<p class=\"has-text-align-right\">KOLEKTIV VRTCA PRI O\u0160 \u0160ALOVCI<\/p>\n<\/div><\/div>\n","protected":false},"excerpt":{"rendered":"<p>SPO\u0160TOVANI STAR\u0160I! VRTEC BO MED BO\u017dI\u010cNO-NOVOLETNIMI PRAZNIKIZAPRT. ZADNJI\u010c LETOS BODO NA\u0160A VRATA VRTCAODPRTA V TOREK, 24. 12. 2024.PONOVNO PA JIH BOMO ODPRLIV PONEDELJEK, 6. 1. 2025. HVALA ZA RAZUMEVANJE. KOLEKTIV [&hellip;]<\/p>\n","protected":false},"author":81642,"featured_media":4838,"comment_status":"closed","ping_status":"closed","sticky":false,"template":"","format":"standard","meta":{"ngg_post_thumbnail":0,"footnotes":""},"categories":[1],"tags":[],"class_list":["post-5501","post","type-post","status-publish","format-standard","has-post-thumbnail","hentry","category-novice"],"_links":{"self":[{"href":"https:\/\/vrtec.os-salovci.si\/index.php?rest_route=\/wp\/v2\/posts\/5501","targetHints":{"allow":["GET"]}}],"collection":[{"href":"https:\/\/vrtec.os-salovci.si\/index.php?rest_route=\/wp\/v2\/posts"}],"about":[{"href":"https:\/\/vrtec.os-salovci.si\/index.php?rest_route=\/wp\/v2\/types\/post"}],"author":[{"embeddable":true,"href":"https:\/\/vrtec.os-salovci.si\/index.php?rest_route=\/wp\/v2\/users\/81642"}],"replies":[{"embeddable":true,"href":"https:\/\/vrtec.os-salovci.si\/index.php?rest_route=%2Fwp%2Fv2%2Fcomments&post=5501"}],"version-history":[{"count":1,"href":"https:\/\/vrtec.os-salovci.si\/index.php?rest_route=\/wp\/v2\/posts\/5501\/revisions"}],"predecessor-version":[{"id":5502,"href":"https:\/\/vrtec.os-salovci.si\/index.php?rest_route=\/wp\/v2\/posts\/5501\/revisions\/5502"}],"wp:featuredmedia":[{"embeddable":true,"href":"https:\/\/vrtec.os-salovci.si\/index.php?rest_route=\/wp\/v2\/media\/4838"}],"wp:attachment":[{"href":"https:\/\/vrtec.os-salovci.si\/index.php?rest_route=%2Fwp%2Fv2%2Fmedia&parent=5501"}],"wp:term":[{"taxonomy":"category","embeddable":true,"href":"https:\/\/vrtec.os-salovci.si\/index.php?rest_route=%2Fwp%2Fv2%2Fcategories&post=5501"},{"taxonomy":"post_tag","embeddable":true,"href":"https:\/\/vrtec.os-salovci.si\/index.php?rest_route=%2Fwp%2Fv2%2Ftags&post=5501"}],"curies":[{"name":"wp","href":"https:\/\/api.w.org\/{rel}","templated":true}]}}