{"id":5467,"date":"2024-11-15T09:53:16","date_gmt":"2024-11-15T08:53:16","guid":{"rendered":"https:\/\/vrtecsalovci.splet.arnes.si\/?p=5467"},"modified":"2024-11-15T09:53:16","modified_gmt":"2024-11-15T08:53:16","slug":"tradicionalni-slovenski-zajtrk-moj-naj-zajtrk","status":"publish","type":"post","link":"https:\/\/vrtec.os-salovci.si\/?p=5467","title":{"rendered":"TRADICIONALNI SLOVENSKI ZAJTRK &#8211; MOJ NAJ ZAJTRK!"},"content":{"rendered":"\n<p>Na dana\u0161nji dan, 15. 11. 2024, smo v vrtcu obele\u017eili dan slovenske hrane, z vseslovenskim projektom Tradicionalni slovenski zajtrk. Leto\u0161nja tema slovenskega zajtrka je Moj naj zajtrk. Na zajtrk smo se \u017ee predhodno pripravljali: likovno smo ustvarjali \u010debelice in pogrinjke, spoznavali vlogo in pomen \u010debel, se pogovarjali o dobrinah, ki jih lahko dobimo na kmetiji, poslu\u0161ali pravljice, peli, plesali in \u0161e in \u0161e. Dejavnosti so potekale znotraj obeh skupin vrtca. Na ta dan smo vzgojiteljice otrokom li\u010dno pripravile mize in jim postregle z maslom, medom, kruhom, mlekom in jabolki.\u00a0<\/p>\n\n\n<div class=\"wp-block-image\">\n<figure class=\"aligncenter size-large is-resized\"><a href=\"https:\/\/vrtec.os-salovci.si\/files\/2024\/11\/Yellow-and-Orange-Bees-Classroom-Announcement-1.png\"><img loading=\"lazy\" decoding=\"async\" width=\"1024\" height=\"668\" src=\"https:\/\/vrtec.os-salovci.si\/files\/2024\/11\/Yellow-and-Orange-Bees-Classroom-Announcement-1-1024x668.png\" alt=\"\" class=\"wp-image-5468\" style=\"aspect-ratio:1.532934131736527;width:1003px;height:auto\" srcset=\"https:\/\/vrtec.os-salovci.si\/files\/2024\/11\/Yellow-and-Orange-Bees-Classroom-Announcement-1-1024x668.png 1024w, https:\/\/vrtec.os-salovci.si\/files\/2024\/11\/Yellow-and-Orange-Bees-Classroom-Announcement-1-300x196.png 300w, https:\/\/vrtec.os-salovci.si\/files\/2024\/11\/Yellow-and-Orange-Bees-Classroom-Announcement-1-768x501.png 768w, https:\/\/vrtec.os-salovci.si\/files\/2024\/11\/Yellow-and-Orange-Bees-Classroom-Announcement-1-947x618.png 947w, https:\/\/vrtec.os-salovci.si\/files\/2024\/11\/Yellow-and-Orange-Bees-Classroom-Announcement-1-624x407.png 624w, https:\/\/vrtec.os-salovci.si\/files\/2024\/11\/Yellow-and-Orange-Bees-Classroom-Announcement-1-84x56.png 84w, https:\/\/vrtec.os-salovci.si\/files\/2024\/11\/Yellow-and-Orange-Bees-Classroom-Announcement-1.png 1380w\" sizes=\"auto, (max-width: 1024px) 100vw, 1024px\" \/><\/a><\/figure>\n<\/div>","protected":false},"excerpt":{"rendered":"<p>Na dana\u0161nji dan, 15. 11. 2024, smo v vrtcu obele\u017eili dan slovenske hrane, z vseslovenskim projektom Tradicionalni slovenski zajtrk. Leto\u0161nja tema slovenskega zajtrka je Moj naj zajtrk. Na zajtrk smo [&hellip;]<\/p>\n","protected":false},"author":81642,"featured_media":5468,"comment_status":"closed","ping_status":"closed","sticky":false,"template":"","format":"standard","meta":{"ngg_post_thumbnail":0,"footnotes":""},"categories":[1],"tags":[],"class_list":["post-5467","post","type-post","status-publish","format-standard","has-post-thumbnail","hentry","category-novice"],"_links":{"self":[{"href":"https:\/\/vrtec.os-salovci.si\/index.php?rest_route=\/wp\/v2\/posts\/5467","targetHints":{"allow":["GET"]}}],"collection":[{"href":"https:\/\/vrtec.os-salovci.si\/index.php?rest_route=\/wp\/v2\/posts"}],"about":[{"href":"https:\/\/vrtec.os-salovci.si\/index.php?rest_route=\/wp\/v2\/types\/post"}],"author":[{"embeddable":true,"href":"https:\/\/vrtec.os-salovci.si\/index.php?rest_route=\/wp\/v2\/users\/81642"}],"replies":[{"embeddable":true,"href":"https:\/\/vrtec.os-salovci.si\/index.php?rest_route=%2Fwp%2Fv2%2Fcomments&post=5467"}],"version-history":[{"count":1,"href":"https:\/\/vrtec.os-salovci.si\/index.php?rest_route=\/wp\/v2\/posts\/5467\/revisions"}],"predecessor-version":[{"id":5469,"href":"https:\/\/vrtec.os-salovci.si\/index.php?rest_route=\/wp\/v2\/posts\/5467\/revisions\/5469"}],"wp:featuredmedia":[{"embeddable":true,"href":"https:\/\/vrtec.os-salovci.si\/index.php?rest_route=\/wp\/v2\/media\/5468"}],"wp:attachment":[{"href":"https:\/\/vrtec.os-salovci.si\/index.php?rest_route=%2Fwp%2Fv2%2Fmedia&parent=5467"}],"wp:term":[{"taxonomy":"category","embeddable":true,"href":"https:\/\/vrtec.os-salovci.si\/index.php?rest_route=%2Fwp%2Fv2%2Fcategories&post=5467"},{"taxonomy":"post_tag","embeddable":true,"href":"https:\/\/vrtec.os-salovci.si\/index.php?rest_route=%2Fwp%2Fv2%2Ftags&post=5467"}],"curies":[{"name":"wp","href":"https:\/\/api.w.org\/{rel}","templated":true}]}}