{"id":5460,"date":"2024-10-16T11:46:20","date_gmt":"2024-10-16T09:46:20","guid":{"rendered":"https:\/\/vrtecsalovci.splet.arnes.si\/?p=5460"},"modified":"2024-10-16T11:46:20","modified_gmt":"2024-10-16T09:46:20","slug":"pravljicni-sprehod-po-gozdu-z-dedki-in-babicami","status":"publish","type":"post","link":"https:\/\/vrtec.os-salovci.si\/?p=5460","title":{"rendered":"PRAVLJI\u010cNI SPREHOD PO GOZDU Z DEDKI IN BABICAMI"},"content":{"rendered":"\n<p>Ob svetovnem dnevu hoje, 15. 10. 2024 smo izvedli pravlji\u010dni sprehod po gozdu z dedki in babicami. Na za\u010detku smo se ob glasbi razgibali, nato pa vzeli pot pod noge in sledili pu\u0161\u010dicam. Na poti so nas \u010dakale postaje z dejavnostmi. Kar veselo smo se ustavili pri postaji \u0161t. 2, kjer so nas \u010dakali copatki, ki smo jih pridno okra\u0161evali z naravnim materialom. Ob sledenju pu\u0161\u010dicam smo le prispeli do gozda, kjer smo na\u0161li dom Muce Copatarice. Ker pa se je Muca Copatarica sprehajala po gozdu, smo jo morali poiskati. Klicali smo in klicali, naposled se je le prikazala.\u00a0 Otroci so ji pokazali svoje copatke in obljubili, da bodo pridno pospravljali copatke za seboj.\u00a0<\/p>\n\n\n<div class=\"wp-block-image\">\n<figure class=\"aligncenter size-large is-resized\"><a href=\"https:\/\/vrtec.os-salovci.si\/files\/2024\/10\/Pravljicni-sprehod-po-gozdu-z-dedki-in-babicami.png\"><img loading=\"lazy\" decoding=\"async\" width=\"1024\" height=\"576\" src=\"https:\/\/vrtec.os-salovci.si\/files\/2024\/10\/Pravljicni-sprehod-po-gozdu-z-dedki-in-babicami-1024x576.png\" alt=\"\" class=\"wp-image-5461\" style=\"aspect-ratio:1.7777777777777777;width:998px;height:auto\" srcset=\"https:\/\/vrtec.os-salovci.si\/files\/2024\/10\/Pravljicni-sprehod-po-gozdu-z-dedki-in-babicami-1024x576.png 1024w, https:\/\/vrtec.os-salovci.si\/files\/2024\/10\/Pravljicni-sprehod-po-gozdu-z-dedki-in-babicami-300x169.png 300w, https:\/\/vrtec.os-salovci.si\/files\/2024\/10\/Pravljicni-sprehod-po-gozdu-z-dedki-in-babicami-768x432.png 768w, https:\/\/vrtec.os-salovci.si\/files\/2024\/10\/Pravljicni-sprehod-po-gozdu-z-dedki-in-babicami-1536x864.png 1536w, https:\/\/vrtec.os-salovci.si\/files\/2024\/10\/Pravljicni-sprehod-po-gozdu-z-dedki-in-babicami-2048x1152.png 2048w, https:\/\/vrtec.os-salovci.si\/files\/2024\/10\/Pravljicni-sprehod-po-gozdu-z-dedki-in-babicami-947x533.png 947w, https:\/\/vrtec.os-salovci.si\/files\/2024\/10\/Pravljicni-sprehod-po-gozdu-z-dedki-in-babicami-624x351.png 624w\" sizes=\"auto, (max-width: 1024px) 100vw, 1024px\" \/><\/a><\/figure>\n<\/div>","protected":false},"excerpt":{"rendered":"<p>Ob svetovnem dnevu hoje, 15. 10. 2024 smo izvedli pravlji\u010dni sprehod po gozdu z dedki in babicami. Na za\u010detku smo se ob glasbi razgibali, nato pa vzeli pot pod noge [&hellip;]<\/p>\n","protected":false},"author":81642,"featured_media":5461,"comment_status":"closed","ping_status":"closed","sticky":false,"template":"","format":"standard","meta":{"ngg_post_thumbnail":0,"footnotes":""},"categories":[1],"tags":[],"class_list":["post-5460","post","type-post","status-publish","format-standard","has-post-thumbnail","hentry","category-novice"],"_links":{"self":[{"href":"https:\/\/vrtec.os-salovci.si\/index.php?rest_route=\/wp\/v2\/posts\/5460","targetHints":{"allow":["GET"]}}],"collection":[{"href":"https:\/\/vrtec.os-salovci.si\/index.php?rest_route=\/wp\/v2\/posts"}],"about":[{"href":"https:\/\/vrtec.os-salovci.si\/index.php?rest_route=\/wp\/v2\/types\/post"}],"author":[{"embeddable":true,"href":"https:\/\/vrtec.os-salovci.si\/index.php?rest_route=\/wp\/v2\/users\/81642"}],"replies":[{"embeddable":true,"href":"https:\/\/vrtec.os-salovci.si\/index.php?rest_route=%2Fwp%2Fv2%2Fcomments&post=5460"}],"version-history":[{"count":1,"href":"https:\/\/vrtec.os-salovci.si\/index.php?rest_route=\/wp\/v2\/posts\/5460\/revisions"}],"predecessor-version":[{"id":5462,"href":"https:\/\/vrtec.os-salovci.si\/index.php?rest_route=\/wp\/v2\/posts\/5460\/revisions\/5462"}],"wp:featuredmedia":[{"embeddable":true,"href":"https:\/\/vrtec.os-salovci.si\/index.php?rest_route=\/wp\/v2\/media\/5461"}],"wp:attachment":[{"href":"https:\/\/vrtec.os-salovci.si\/index.php?rest_route=%2Fwp%2Fv2%2Fmedia&parent=5460"}],"wp:term":[{"taxonomy":"category","embeddable":true,"href":"https:\/\/vrtec.os-salovci.si\/index.php?rest_route=%2Fwp%2Fv2%2Fcategories&post=5460"},{"taxonomy":"post_tag","embeddable":true,"href":"https:\/\/vrtec.os-salovci.si\/index.php?rest_route=%2Fwp%2Fv2%2Ftags&post=5460"}],"curies":[{"name":"wp","href":"https:\/\/api.w.org\/{rel}","templated":true}]}}