{"id":5443,"date":"2024-10-04T06:55:27","date_gmt":"2024-10-04T04:55:27","guid":{"rendered":"https:\/\/vrtecsalovci.splet.arnes.si\/?p=5443"},"modified":"2024-10-04T06:55:41","modified_gmt":"2024-10-04T04:55:41","slug":"vrtec-praznuje","status":"publish","type":"post","link":"https:\/\/vrtec.os-salovci.si\/?p=5443","title":{"rendered":"VRTEC PRAZNUJE"},"content":{"rendered":"\n<p><em>September je res hitro minil. Ob koncu meseca smo se ozrli nazaj in se spomnili vseh lepih trenutkov, ki smo jih do\u017eiveli ta mesec. V tem mesecu smo praznovali 25.obletnico vrtca. To je poseben mejnik. Ob tej obletnici smo za otroke pripravili predstavo &nbsp;\u00bbPujska pe\u010deta torto\u00ab.&nbsp; Preko predstave je bilo poudarjeno sporo\u010dilo o prijateljstvu, sodelovanju ter veselju ob praznovanju rojstnega dne. Otroci so spoznali, kako pomembno je deliti sre\u010do ter se zabavati skupaj. Zdaj pa se veselimo \u017ee oktobra in novih prilo\u017enosti.<\/em><\/p>\n\n\n<div class=\"wp-block-image is-style-default\">\n<figure class=\"aligncenter size-full\"><a href=\"https:\/\/vrtec.os-salovci.si\/files\/2024\/10\/HIMNA-VRTCA-4.jpg\"><img loading=\"lazy\" decoding=\"async\" width=\"1920\" height=\"1080\" src=\"https:\/\/vrtec.os-salovci.si\/files\/2024\/10\/HIMNA-VRTCA-4.jpg\" alt=\"\" class=\"wp-image-5444\" srcset=\"https:\/\/vrtec.os-salovci.si\/files\/2024\/10\/HIMNA-VRTCA-4.jpg 1920w, https:\/\/vrtec.os-salovci.si\/files\/2024\/10\/HIMNA-VRTCA-4-300x169.jpg 300w, https:\/\/vrtec.os-salovci.si\/files\/2024\/10\/HIMNA-VRTCA-4-1024x576.jpg 1024w, https:\/\/vrtec.os-salovci.si\/files\/2024\/10\/HIMNA-VRTCA-4-768x432.jpg 768w, https:\/\/vrtec.os-salovci.si\/files\/2024\/10\/HIMNA-VRTCA-4-1536x864.jpg 1536w, https:\/\/vrtec.os-salovci.si\/files\/2024\/10\/HIMNA-VRTCA-4-947x533.jpg 947w, https:\/\/vrtec.os-salovci.si\/files\/2024\/10\/HIMNA-VRTCA-4-624x351.jpg 624w\" sizes=\"auto, (max-width: 1920px) 100vw, 1920px\" \/><\/a><\/figure>\n<\/div>","protected":false},"excerpt":{"rendered":"<p>September je res hitro minil. Ob koncu meseca smo se ozrli nazaj in se spomnili vseh lepih trenutkov, ki smo jih do\u017eiveli ta mesec. V tem mesecu smo praznovali 25.obletnico [&hellip;]<\/p>\n","protected":false},"author":81642,"featured_media":5444,"comment_status":"closed","ping_status":"closed","sticky":false,"template":"","format":"standard","meta":{"ngg_post_thumbnail":0,"footnotes":""},"categories":[1],"tags":[],"class_list":["post-5443","post","type-post","status-publish","format-standard","has-post-thumbnail","hentry","category-novice"],"_links":{"self":[{"href":"https:\/\/vrtec.os-salovci.si\/index.php?rest_route=\/wp\/v2\/posts\/5443","targetHints":{"allow":["GET"]}}],"collection":[{"href":"https:\/\/vrtec.os-salovci.si\/index.php?rest_route=\/wp\/v2\/posts"}],"about":[{"href":"https:\/\/vrtec.os-salovci.si\/index.php?rest_route=\/wp\/v2\/types\/post"}],"author":[{"embeddable":true,"href":"https:\/\/vrtec.os-salovci.si\/index.php?rest_route=\/wp\/v2\/users\/81642"}],"replies":[{"embeddable":true,"href":"https:\/\/vrtec.os-salovci.si\/index.php?rest_route=%2Fwp%2Fv2%2Fcomments&post=5443"}],"version-history":[{"count":2,"href":"https:\/\/vrtec.os-salovci.si\/index.php?rest_route=\/wp\/v2\/posts\/5443\/revisions"}],"predecessor-version":[{"id":5446,"href":"https:\/\/vrtec.os-salovci.si\/index.php?rest_route=\/wp\/v2\/posts\/5443\/revisions\/5446"}],"wp:featuredmedia":[{"embeddable":true,"href":"https:\/\/vrtec.os-salovci.si\/index.php?rest_route=\/wp\/v2\/media\/5444"}],"wp:attachment":[{"href":"https:\/\/vrtec.os-salovci.si\/index.php?rest_route=%2Fwp%2Fv2%2Fmedia&parent=5443"}],"wp:term":[{"taxonomy":"category","embeddable":true,"href":"https:\/\/vrtec.os-salovci.si\/index.php?rest_route=%2Fwp%2Fv2%2Fcategories&post=5443"},{"taxonomy":"post_tag","embeddable":true,"href":"https:\/\/vrtec.os-salovci.si\/index.php?rest_route=%2Fwp%2Fv2%2Ftags&post=5443"}],"curies":[{"name":"wp","href":"https:\/\/api.w.org\/{rel}","templated":true}]}}