{"id":5435,"date":"2024-09-26T10:02:51","date_gmt":"2024-09-26T08:02:51","guid":{"rendered":"https:\/\/vrtecsalovci.splet.arnes.si\/?p=5435"},"modified":"2024-09-26T12:08:15","modified_gmt":"2024-09-26T10:08:15","slug":"ekt-in-dan-slovenskega-sporta","status":"publish","type":"post","link":"https:\/\/vrtec.os-salovci.si\/?p=5435","title":{"rendered":"ETM IN DAN SLOVENSKEGA \u0160PORTA"},"content":{"rendered":"\n<p>V sklopu Evropskega tedna mobilnosti so se otroci skozi pou\u010dne ter zanimive dejavnosti nau\u010dili, kako zelo je pomembno, da zmanj\u0161amo promet v na\u0161em okolju. Izvedli smo tudi dan slovenskega \u0161porta, kajti gibanje krepi na\u0161e telo ter nam pomaga, da postanemo \u0161e mo\u010dnej\u0161i ter bolj zdravi.&nbsp;<\/p>\n\n\n<div class=\"wp-block-image\">\n<figure class=\"aligncenter size-large is-resized\"><a href=\"https:\/\/vrtec.os-salovci.si\/files\/2024\/09\/Izdelek-brez-naslova-5-1.jpg\"><img loading=\"lazy\" decoding=\"async\" width=\"1024\" height=\"576\" src=\"https:\/\/vrtec.os-salovci.si\/files\/2024\/09\/Izdelek-brez-naslova-5-1-1024x576.jpg\" alt=\"\" class=\"wp-image-5436\" style=\"aspect-ratio:1.7777777777777777;width:906px;height:auto\" srcset=\"https:\/\/vrtec.os-salovci.si\/files\/2024\/09\/Izdelek-brez-naslova-5-1-1024x576.jpg 1024w, https:\/\/vrtec.os-salovci.si\/files\/2024\/09\/Izdelek-brez-naslova-5-1-300x169.jpg 300w, https:\/\/vrtec.os-salovci.si\/files\/2024\/09\/Izdelek-brez-naslova-5-1-768x432.jpg 768w, https:\/\/vrtec.os-salovci.si\/files\/2024\/09\/Izdelek-brez-naslova-5-1-1536x864.jpg 1536w, https:\/\/vrtec.os-salovci.si\/files\/2024\/09\/Izdelek-brez-naslova-5-1-947x533.jpg 947w, https:\/\/vrtec.os-salovci.si\/files\/2024\/09\/Izdelek-brez-naslova-5-1-624x351.jpg 624w, https:\/\/vrtec.os-salovci.si\/files\/2024\/09\/Izdelek-brez-naslova-5-1.jpg 1920w\" sizes=\"auto, (max-width: 1024px) 100vw, 1024px\" \/><\/a><\/figure>\n<\/div>","protected":false},"excerpt":{"rendered":"<p>V sklopu Evropskega tedna mobilnosti so se otroci skozi pou\u010dne ter zanimive dejavnosti nau\u010dili, kako zelo je pomembno, da zmanj\u0161amo promet v na\u0161em okolju. Izvedli smo tudi dan slovenskega \u0161porta, [&hellip;]<\/p>\n","protected":false},"author":81642,"featured_media":5436,"comment_status":"closed","ping_status":"closed","sticky":false,"template":"","format":"standard","meta":{"ngg_post_thumbnail":0,"footnotes":""},"categories":[1],"tags":[],"class_list":["post-5435","post","type-post","status-publish","format-standard","has-post-thumbnail","hentry","category-novice"],"_links":{"self":[{"href":"https:\/\/vrtec.os-salovci.si\/index.php?rest_route=\/wp\/v2\/posts\/5435","targetHints":{"allow":["GET"]}}],"collection":[{"href":"https:\/\/vrtec.os-salovci.si\/index.php?rest_route=\/wp\/v2\/posts"}],"about":[{"href":"https:\/\/vrtec.os-salovci.si\/index.php?rest_route=\/wp\/v2\/types\/post"}],"author":[{"embeddable":true,"href":"https:\/\/vrtec.os-salovci.si\/index.php?rest_route=\/wp\/v2\/users\/81642"}],"replies":[{"embeddable":true,"href":"https:\/\/vrtec.os-salovci.si\/index.php?rest_route=%2Fwp%2Fv2%2Fcomments&post=5435"}],"version-history":[{"count":2,"href":"https:\/\/vrtec.os-salovci.si\/index.php?rest_route=\/wp\/v2\/posts\/5435\/revisions"}],"predecessor-version":[{"id":5438,"href":"https:\/\/vrtec.os-salovci.si\/index.php?rest_route=\/wp\/v2\/posts\/5435\/revisions\/5438"}],"wp:featuredmedia":[{"embeddable":true,"href":"https:\/\/vrtec.os-salovci.si\/index.php?rest_route=\/wp\/v2\/media\/5436"}],"wp:attachment":[{"href":"https:\/\/vrtec.os-salovci.si\/index.php?rest_route=%2Fwp%2Fv2%2Fmedia&parent=5435"}],"wp:term":[{"taxonomy":"category","embeddable":true,"href":"https:\/\/vrtec.os-salovci.si\/index.php?rest_route=%2Fwp%2Fv2%2Fcategories&post=5435"},{"taxonomy":"post_tag","embeddable":true,"href":"https:\/\/vrtec.os-salovci.si\/index.php?rest_route=%2Fwp%2Fv2%2Ftags&post=5435"}],"curies":[{"name":"wp","href":"https:\/\/api.w.org\/{rel}","templated":true}]}}