{"id":5292,"date":"2024-06-05T09:35:02","date_gmt":"2024-06-05T07:35:02","guid":{"rendered":"https:\/\/vrtecsalovci.splet.arnes.si\/?p=5292"},"modified":"2024-06-05T09:35:03","modified_gmt":"2024-06-05T07:35:03","slug":"pomlad-je-prisla","status":"publish","type":"post","link":"https:\/\/vrtec.os-salovci.si\/?p=5292","title":{"rendered":"POMLAD JE PRI\u0160LA"},"content":{"rendered":"<div class=\"wp-block-image\">\n<figure class=\"aligncenter size-full is-resized\"><a href=\"https:\/\/vrtec.os-salovci.si\/files\/2024\/06\/1.jpg\"><img loading=\"lazy\" decoding=\"async\" width=\"940\" height=\"788\" src=\"https:\/\/vrtec.os-salovci.si\/files\/2024\/06\/1.jpg\" alt=\"\" class=\"wp-image-5293\" style=\"aspect-ratio:1.1928934010152283;width:478px;height:auto\" srcset=\"https:\/\/vrtec.os-salovci.si\/files\/2024\/06\/1.jpg 940w, https:\/\/vrtec.os-salovci.si\/files\/2024\/06\/1-300x251.jpg 300w, https:\/\/vrtec.os-salovci.si\/files\/2024\/06\/1-768x644.jpg 768w, https:\/\/vrtec.os-salovci.si\/files\/2024\/06\/1-624x523.jpg 624w\" sizes=\"auto, (max-width: 940px) 100vw, 940px\" \/><\/a><\/figure>\n<\/div>\n\n\n<p>V mesecu marcu so praznovale na\u0161e mame, babice, tete,.. zato smo njim z majhno malenkostjo polep\u0161ali njihov dan. \u0160e posebej z veliko radosti ter zanosa pa so otroci izdelovali darila za mame.<\/p>\n\n\n\n<figure class=\"wp-block-image size-full\"><a href=\"https:\/\/vrtec.os-salovci.si\/files\/2024\/06\/2.jpg\"><img loading=\"lazy\" decoding=\"async\" width=\"1000\" height=\"750\" src=\"https:\/\/vrtec.os-salovci.si\/files\/2024\/06\/2.jpg\" alt=\"\" class=\"wp-image-5294\" srcset=\"https:\/\/vrtec.os-salovci.si\/files\/2024\/06\/2.jpg 1000w, https:\/\/vrtec.os-salovci.si\/files\/2024\/06\/2-300x225.jpg 300w, https:\/\/vrtec.os-salovci.si\/files\/2024\/06\/2-768x576.jpg 768w, https:\/\/vrtec.os-salovci.si\/files\/2024\/06\/2-947x710.jpg 947w, https:\/\/vrtec.os-salovci.si\/files\/2024\/06\/2-624x468.jpg 624w\" sizes=\"auto, (max-width: 1000px) 100vw, 1000px\" \/><\/a><\/figure>\n\n\n\n<p>Veliko truda smo vlo\u017eili v pripravo plesne to\u010dke, s katero smo se predstavili na slovesnosti ob materinskem dnevu v Budincih.<\/p>\n\n\n\n<figure class=\"wp-block-image size-large\"><a href=\"https:\/\/vrtec.os-salovci.si\/files\/2024\/06\/3.jpg\"><img loading=\"lazy\" decoding=\"async\" width=\"1024\" height=\"681\" src=\"https:\/\/vrtec.os-salovci.si\/files\/2024\/06\/3-1024x681.jpg\" alt=\"\" class=\"wp-image-5295\" srcset=\"https:\/\/vrtec.os-salovci.si\/files\/2024\/06\/3-1024x681.jpg 1024w, https:\/\/vrtec.os-salovci.si\/files\/2024\/06\/3-300x199.jpg 300w, https:\/\/vrtec.os-salovci.si\/files\/2024\/06\/3-768x510.jpg 768w, https:\/\/vrtec.os-salovci.si\/files\/2024\/06\/3-947x629.jpg 947w, https:\/\/vrtec.os-salovci.si\/files\/2024\/06\/3-624x415.jpg 624w, https:\/\/vrtec.os-salovci.si\/files\/2024\/06\/3-84x56.jpg 84w, https:\/\/vrtec.os-salovci.si\/files\/2024\/06\/3.jpg 1172w\" sizes=\"auto, (max-width: 1024px) 100vw, 1024px\" \/><\/a><\/figure>\n\n\n\n<figure class=\"wp-block-image size-large\"><a href=\"https:\/\/vrtec.os-salovci.si\/files\/2024\/06\/4.jpg\"><img loading=\"lazy\" decoding=\"async\" width=\"1024\" height=\"680\" src=\"https:\/\/vrtec.os-salovci.si\/files\/2024\/06\/4-1024x680.jpg\" alt=\"\" class=\"wp-image-5296\" srcset=\"https:\/\/vrtec.os-salovci.si\/files\/2024\/06\/4-1024x680.jpg 1024w, https:\/\/vrtec.os-salovci.si\/files\/2024\/06\/4-300x199.jpg 300w, https:\/\/vrtec.os-salovci.si\/files\/2024\/06\/4-768x510.jpg 768w, https:\/\/vrtec.os-salovci.si\/files\/2024\/06\/4-947x629.jpg 947w, https:\/\/vrtec.os-salovci.si\/files\/2024\/06\/4-624x415.jpg 624w, https:\/\/vrtec.os-salovci.si\/files\/2024\/06\/4-84x56.jpg 84w, https:\/\/vrtec.os-salovci.si\/files\/2024\/06\/4.jpg 1252w\" sizes=\"auto, (max-width: 1024px) 100vw, 1024px\" \/><\/a><\/figure>\n\n\n\n<figure class=\"wp-block-image size-large\"><a href=\"https:\/\/vrtec.os-salovci.si\/files\/2024\/06\/5.jpg\"><img loading=\"lazy\" decoding=\"async\" width=\"1024\" height=\"681\" src=\"https:\/\/vrtec.os-salovci.si\/files\/2024\/06\/5-1024x681.jpg\" alt=\"\" class=\"wp-image-5297\" srcset=\"https:\/\/vrtec.os-salovci.si\/files\/2024\/06\/5-1024x681.jpg 1024w, https:\/\/vrtec.os-salovci.si\/files\/2024\/06\/5-300x199.jpg 300w, https:\/\/vrtec.os-salovci.si\/files\/2024\/06\/5-768x511.jpg 768w, https:\/\/vrtec.os-salovci.si\/files\/2024\/06\/5-947x630.jpg 947w, https:\/\/vrtec.os-salovci.si\/files\/2024\/06\/5-624x415.jpg 624w, https:\/\/vrtec.os-salovci.si\/files\/2024\/06\/5-84x56.jpg 84w, https:\/\/vrtec.os-salovci.si\/files\/2024\/06\/5.jpg 1316w\" sizes=\"auto, (max-width: 1024px) 100vw, 1024px\" \/><\/a><\/figure>\n\n\n\n<p>Son\u010dni \u017earki so nas povabili na sprehode, kjer smo opazovali prebujanje narave ter kako se spreminja, iskali ter poimenovali smo cvetlice, poslu\u0161ali zvoke v naravi ter opazovali \u017eu\u017eelke. Hi\u0161nik Anton nam je pomagal z izdelavo lesenega koledarja, kjer smo vsakodnevno spremljali vreme, utrjevali dneve v tednu in mesece v letu.<\/p>\n\n\n\n<figure class=\"wp-block-image size-large\"><a href=\"https:\/\/vrtec.os-salovci.si\/files\/2024\/06\/6.jpg\"><img loading=\"lazy\" decoding=\"async\" width=\"1920\" height=\"1080\" src=\"https:\/\/vrtec.os-salovci.si\/files\/2024\/06\/6-1024x576.jpg\" alt=\"\" class=\"wp-image-5298\" srcset=\"https:\/\/vrtec.os-salovci.si\/files\/2024\/06\/6-1024x576.jpg 1024w, https:\/\/vrtec.os-salovci.si\/files\/2024\/06\/6-300x169.jpg 300w, https:\/\/vrtec.os-salovci.si\/files\/2024\/06\/6-768x432.jpg 768w, https:\/\/vrtec.os-salovci.si\/files\/2024\/06\/6-1536x864.jpg 1536w, https:\/\/vrtec.os-salovci.si\/files\/2024\/06\/6-947x533.jpg 947w, https:\/\/vrtec.os-salovci.si\/files\/2024\/06\/6-624x351.jpg 624w, https:\/\/vrtec.os-salovci.si\/files\/2024\/06\/6.jpg 1920w\" sizes=\"auto, (max-width: 1920px) 100vw, 1920px\" \/><\/a><\/figure>\n\n\n\n<figure class=\"wp-block-image size-large\"><a href=\"https:\/\/vrtec.os-salovci.si\/files\/2024\/06\/7.jpg\"><img loading=\"lazy\" decoding=\"async\" width=\"1024\" height=\"576\" src=\"https:\/\/vrtec.os-salovci.si\/files\/2024\/06\/7-1024x576.jpg\" alt=\"\" class=\"wp-image-5299\" srcset=\"https:\/\/vrtec.os-salovci.si\/files\/2024\/06\/7-1024x576.jpg 1024w, https:\/\/vrtec.os-salovci.si\/files\/2024\/06\/7-300x169.jpg 300w, https:\/\/vrtec.os-salovci.si\/files\/2024\/06\/7-768x432.jpg 768w, https:\/\/vrtec.os-salovci.si\/files\/2024\/06\/7-1536x864.jpg 1536w, https:\/\/vrtec.os-salovci.si\/files\/2024\/06\/7-947x533.jpg 947w, https:\/\/vrtec.os-salovci.si\/files\/2024\/06\/7-624x351.jpg 624w, https:\/\/vrtec.os-salovci.si\/files\/2024\/06\/7.jpg 1920w\" sizes=\"auto, (max-width: 1024px) 100vw, 1024px\" \/><\/a><\/figure>\n\n\n\n<p>Mesec april je bil v znamenju praznovanja na\u0161ega planeta Zemlje. Obiskal nas je prijatelj E.T. vesolj\u010dek. Kaj takega \u0161e nismo videli in to je bilo res posebno do\u017eivetje in presene\u010denje. Skupaj z njim smo praznovali\u00a0 <strong><em>SVETOVNI DAN ZEMLJE<\/em><\/strong> (<strong><u>22.aprila)<\/u><\/strong>. Otroci so pokazali veliko vedo\u017eeljnost o tem, kako bomo bolje poskrbeli za na\u0161 planet. Mi, v starej\u0161i skupini smo za\u010deli z majhnimi koraki ter veliko razmi\u0161ljali ter raziskovali, kak\u0161ne konkretne spremembe so potrebne, da bo na\u0161a preljuba Zemlja vesela.<\/p>\n\n\n\n<figure class=\"wp-block-image size-large\"><a href=\"https:\/\/vrtec.os-salovci.si\/files\/2024\/06\/8.jpg\"><img loading=\"lazy\" decoding=\"async\" width=\"1024\" height=\"576\" src=\"https:\/\/vrtec.os-salovci.si\/files\/2024\/06\/8-1024x576.jpg\" alt=\"\" class=\"wp-image-5300\" srcset=\"https:\/\/vrtec.os-salovci.si\/files\/2024\/06\/8-1024x576.jpg 1024w, https:\/\/vrtec.os-salovci.si\/files\/2024\/06\/8-300x169.jpg 300w, https:\/\/vrtec.os-salovci.si\/files\/2024\/06\/8-768x432.jpg 768w, https:\/\/vrtec.os-salovci.si\/files\/2024\/06\/8-1536x864.jpg 1536w, https:\/\/vrtec.os-salovci.si\/files\/2024\/06\/8-947x533.jpg 947w, https:\/\/vrtec.os-salovci.si\/files\/2024\/06\/8-624x351.jpg 624w, https:\/\/vrtec.os-salovci.si\/files\/2024\/06\/8.jpg 1920w\" sizes=\"auto, (max-width: 1024px) 100vw, 1024px\" \/><\/a><\/figure>\n\n\n\n<figure class=\"wp-block-image size-full\"><a href=\"https:\/\/vrtec.os-salovci.si\/files\/2024\/06\/9.jpg\"><img loading=\"lazy\" decoding=\"async\" width=\"940\" height=\"788\" src=\"https:\/\/vrtec.os-salovci.si\/files\/2024\/06\/9.jpg\" alt=\"\" class=\"wp-image-5301\" srcset=\"https:\/\/vrtec.os-salovci.si\/files\/2024\/06\/9.jpg 940w, https:\/\/vrtec.os-salovci.si\/files\/2024\/06\/9-300x251.jpg 300w, https:\/\/vrtec.os-salovci.si\/files\/2024\/06\/9-768x644.jpg 768w, https:\/\/vrtec.os-salovci.si\/files\/2024\/06\/9-624x523.jpg 624w\" sizes=\"auto, (max-width: 940px) 100vw, 940px\" \/><\/a><\/figure>\n\n\n\n<figure class=\"wp-block-image size-large is-resized\"><a href=\"https:\/\/vrtec.os-salovci.si\/files\/2024\/06\/10.jpg\"><img loading=\"lazy\" decoding=\"async\" width=\"1024\" height=\"576\" src=\"https:\/\/vrtec.os-salovci.si\/files\/2024\/06\/10-1024x576.jpg\" alt=\"\" class=\"wp-image-5302\" style=\"aspect-ratio:1.7777777777777777;width:840px;height:auto\" srcset=\"https:\/\/vrtec.os-salovci.si\/files\/2024\/06\/10-1024x576.jpg 1024w, https:\/\/vrtec.os-salovci.si\/files\/2024\/06\/10-300x169.jpg 300w, https:\/\/vrtec.os-salovci.si\/files\/2024\/06\/10-768x432.jpg 768w, https:\/\/vrtec.os-salovci.si\/files\/2024\/06\/10-947x532.jpg 947w, https:\/\/vrtec.os-salovci.si\/files\/2024\/06\/10-624x351.jpg 624w, https:\/\/vrtec.os-salovci.si\/files\/2024\/06\/10.jpg 1028w\" sizes=\"auto, (max-width: 1024px) 100vw, 1024px\" \/><\/a><\/figure>\n\n\n\n<p>Zahvalili bi se tudi mami Jerneji, ki nam vsako leto prinese iz lesa izrezane velikono\u010dne zaj\u010dke, otroci jih likovno poslikajo in nato odnesejo v svoje domove nastale izdelke.<\/p>\n\n\n\n<figure class=\"wp-block-image size-large\"><a href=\"https:\/\/vrtec.os-salovci.si\/files\/2024\/06\/11.jpg\"><img loading=\"lazy\" decoding=\"async\" width=\"1024\" height=\"576\" src=\"https:\/\/vrtec.os-salovci.si\/files\/2024\/06\/11-1024x576.jpg\" alt=\"\" class=\"wp-image-5303\" srcset=\"https:\/\/vrtec.os-salovci.si\/files\/2024\/06\/11-1024x576.jpg 1024w, https:\/\/vrtec.os-salovci.si\/files\/2024\/06\/11-300x169.jpg 300w, https:\/\/vrtec.os-salovci.si\/files\/2024\/06\/11-768x432.jpg 768w, https:\/\/vrtec.os-salovci.si\/files\/2024\/06\/11-947x533.jpg 947w, https:\/\/vrtec.os-salovci.si\/files\/2024\/06\/11-624x351.jpg 624w, https:\/\/vrtec.os-salovci.si\/files\/2024\/06\/11.jpg 1164w\" sizes=\"auto, (max-width: 1024px) 100vw, 1024px\" \/><\/a><\/figure>\n\n\n\n<p>Razveselili smo se, ko so nas povabili na tek slovenske bakle (26.4.2024). S \u0161tafetno predajo bakle smo skupaj \u0161irili olimpijske vrednote miru, prijateljstva, strpnosti ter upanja. To je bilo za nas posebno do\u017eivetje in prav gotovo nam bo \u0161e dolgo ostalo v lepem spominu, kajti tekli smo v spremstvu \u017eupana gospoda Iztoka Farteka.<\/p>\n\n\n\n<figure class=\"wp-block-image size-large\"><a href=\"https:\/\/vrtec.os-salovci.si\/files\/2024\/06\/12.jpg\"><img loading=\"lazy\" decoding=\"async\" width=\"1024\" height=\"682\" src=\"https:\/\/vrtec.os-salovci.si\/files\/2024\/06\/12-1024x682.jpg\" alt=\"\" class=\"wp-image-5304\" srcset=\"https:\/\/vrtec.os-salovci.si\/files\/2024\/06\/12-1024x682.jpg 1024w, https:\/\/vrtec.os-salovci.si\/files\/2024\/06\/12-300x200.jpg 300w, https:\/\/vrtec.os-salovci.si\/files\/2024\/06\/12-768x511.jpg 768w, https:\/\/vrtec.os-salovci.si\/files\/2024\/06\/12-947x630.jpg 947w, https:\/\/vrtec.os-salovci.si\/files\/2024\/06\/12-624x415.jpg 624w, https:\/\/vrtec.os-salovci.si\/files\/2024\/06\/12-84x56.jpg 84w, https:\/\/vrtec.os-salovci.si\/files\/2024\/06\/12.jpg 1193w\" sizes=\"auto, (max-width: 1024px) 100vw, 1024px\" \/><\/a><\/figure>\n\n\n\n<figure class=\"wp-block-image size-large\"><a href=\"https:\/\/vrtec.os-salovci.si\/files\/2024\/06\/13.jpg\"><img loading=\"lazy\" decoding=\"async\" width=\"1024\" height=\"790\" src=\"https:\/\/vrtec.os-salovci.si\/files\/2024\/06\/13-1024x790.jpg\" alt=\"\" class=\"wp-image-5305\" srcset=\"https:\/\/vrtec.os-salovci.si\/files\/2024\/06\/13-1024x790.jpg 1024w, https:\/\/vrtec.os-salovci.si\/files\/2024\/06\/13-300x232.jpg 300w, https:\/\/vrtec.os-salovci.si\/files\/2024\/06\/13-768x593.jpg 768w, https:\/\/vrtec.os-salovci.si\/files\/2024\/06\/13-947x731.jpg 947w, https:\/\/vrtec.os-salovci.si\/files\/2024\/06\/13-624x482.jpg 624w, https:\/\/vrtec.os-salovci.si\/files\/2024\/06\/13.jpg 1200w\" sizes=\"auto, (max-width: 1024px) 100vw, 1024px\" \/><\/a><\/figure>\n\n\n\n<figure class=\"wp-block-image size-large\"><a href=\"https:\/\/vrtec.os-salovci.si\/files\/2024\/06\/14.jpg\"><img loading=\"lazy\" decoding=\"async\" width=\"1024\" height=\"681\" src=\"https:\/\/vrtec.os-salovci.si\/files\/2024\/06\/14-1024x681.jpg\" alt=\"\" class=\"wp-image-5306\" srcset=\"https:\/\/vrtec.os-salovci.si\/files\/2024\/06\/14-1024x681.jpg 1024w, https:\/\/vrtec.os-salovci.si\/files\/2024\/06\/14-300x200.jpg 300w, https:\/\/vrtec.os-salovci.si\/files\/2024\/06\/14-768x511.jpg 768w, https:\/\/vrtec.os-salovci.si\/files\/2024\/06\/14-1536x1022.jpg 1536w, https:\/\/vrtec.os-salovci.si\/files\/2024\/06\/14-947x630.jpg 947w, https:\/\/vrtec.os-salovci.si\/files\/2024\/06\/14-624x415.jpg 624w, https:\/\/vrtec.os-salovci.si\/files\/2024\/06\/14-84x56.jpg 84w, https:\/\/vrtec.os-salovci.si\/files\/2024\/06\/14.jpg 1920w\" sizes=\"auto, (max-width: 1024px) 100vw, 1024px\" \/><\/a><\/figure>\n\n\n\n<figure class=\"wp-block-image size-full\"><a href=\"https:\/\/vrtec.os-salovci.si\/files\/2024\/06\/15.jpg\"><img loading=\"lazy\" decoding=\"async\" width=\"940\" height=\"788\" src=\"https:\/\/vrtec.os-salovci.si\/files\/2024\/06\/15.jpg\" alt=\"\" class=\"wp-image-5307\" srcset=\"https:\/\/vrtec.os-salovci.si\/files\/2024\/06\/15.jpg 940w, https:\/\/vrtec.os-salovci.si\/files\/2024\/06\/15-300x251.jpg 300w, https:\/\/vrtec.os-salovci.si\/files\/2024\/06\/15-768x644.jpg 768w, https:\/\/vrtec.os-salovci.si\/files\/2024\/06\/15-624x523.jpg 624w\" sizes=\"auto, (max-width: 940px) 100vw, 940px\" \/><\/a><\/figure>\n\n\n\n<p>Narava nam je podarila tudi svoje dobrote. Tako smo si sami nabrali gozdne jagode ter se z njimi posladkali. Bile so zelo okusne. Poskrbeli smo \u0161e za svoje zdravje in nabirali smrekove vr\u0161i\u010dke, ki smo jih nato dali v kozarec skupaj s sladkorjem. Kasneje pa bo iz njega nastal smrekov sirup.<\/p>\n\n\n\n<figure class=\"wp-block-image size-full\"><a href=\"https:\/\/vrtec.os-salovci.si\/files\/2024\/06\/16.jpg\"><img loading=\"lazy\" decoding=\"async\" width=\"940\" height=\"788\" src=\"https:\/\/vrtec.os-salovci.si\/files\/2024\/06\/16.jpg\" alt=\"\" class=\"wp-image-5308\" srcset=\"https:\/\/vrtec.os-salovci.si\/files\/2024\/06\/16.jpg 940w, https:\/\/vrtec.os-salovci.si\/files\/2024\/06\/16-300x251.jpg 300w, https:\/\/vrtec.os-salovci.si\/files\/2024\/06\/16-768x644.jpg 768w, https:\/\/vrtec.os-salovci.si\/files\/2024\/06\/16-624x523.jpg 624w\" sizes=\"auto, (max-width: 940px) 100vw, 940px\" \/><\/a><\/figure>\n\n\n\n<figure class=\"wp-block-image size-large\"><a href=\"https:\/\/vrtec.os-salovci.si\/files\/2024\/06\/17.jpg\"><img loading=\"lazy\" decoding=\"async\" width=\"1024\" height=\"576\" src=\"https:\/\/vrtec.os-salovci.si\/files\/2024\/06\/17-1024x576.jpg\" alt=\"\" class=\"wp-image-5309\" srcset=\"https:\/\/vrtec.os-salovci.si\/files\/2024\/06\/17-1024x576.jpg 1024w, https:\/\/vrtec.os-salovci.si\/files\/2024\/06\/17-300x169.jpg 300w, https:\/\/vrtec.os-salovci.si\/files\/2024\/06\/17-768x432.jpg 768w, https:\/\/vrtec.os-salovci.si\/files\/2024\/06\/17-1536x864.jpg 1536w, https:\/\/vrtec.os-salovci.si\/files\/2024\/06\/17-947x533.jpg 947w, https:\/\/vrtec.os-salovci.si\/files\/2024\/06\/17-624x351.jpg 624w, https:\/\/vrtec.os-salovci.si\/files\/2024\/06\/17.jpg 1920w\" sizes=\"auto, (max-width: 1024px) 100vw, 1024px\" \/><\/a><\/figure>\n\n\n\n<p>V mesecu maju smo veliko pogovora ter aktivnosti namenili \u010debelicam, kajti 20.maj je razgla\u0161en za <strong><em>svetovni dan \u010debel<\/em><\/strong>. Ugotovili smo, da so \u010debele vedno bolj ogro\u017eene in to zaradi nenadnih klimatskih sprememb. Brez \u010debel ni \u017eivljenja nam bo ostalo za zmeraj v spominu. Prav tako je ve\u010dina otrok kon\u010dala s pripovedovanjem pravljic za bralno zna\u010dko.<\/p>\n\n\n\n<figure class=\"wp-block-gallery has-nested-images columns-default is-cropped wp-block-gallery-1 is-layout-flex wp-block-gallery-is-layout-flex\">\n<figure class=\"wp-block-image size-large\"><a href=\"https:\/\/vrtec.os-salovci.si\/files\/2024\/06\/17-1.jpg\"><img loading=\"lazy\" decoding=\"async\" width=\"1024\" height=\"576\" data-id=\"5311\" src=\"https:\/\/vrtec.os-salovci.si\/files\/2024\/06\/17-1-1024x576.jpg\" alt=\"\" class=\"wp-image-5311\" srcset=\"https:\/\/vrtec.os-salovci.si\/files\/2024\/06\/17-1-1024x576.jpg 1024w, https:\/\/vrtec.os-salovci.si\/files\/2024\/06\/17-1-300x169.jpg 300w, https:\/\/vrtec.os-salovci.si\/files\/2024\/06\/17-1-768x432.jpg 768w, https:\/\/vrtec.os-salovci.si\/files\/2024\/06\/17-1-1536x864.jpg 1536w, https:\/\/vrtec.os-salovci.si\/files\/2024\/06\/17-1-947x533.jpg 947w, https:\/\/vrtec.os-salovci.si\/files\/2024\/06\/17-1-624x351.jpg 624w, https:\/\/vrtec.os-salovci.si\/files\/2024\/06\/17-1.jpg 1920w\" sizes=\"auto, (max-width: 1024px) 100vw, 1024px\" \/><\/a><\/figure>\n\n\n\n<figure class=\"wp-block-image size-large\"><a href=\"https:\/\/vrtec.os-salovci.si\/files\/2024\/06\/18-1.jpg\"><img loading=\"lazy\" decoding=\"async\" width=\"1024\" height=\"576\" data-id=\"5312\" src=\"https:\/\/vrtec.os-salovci.si\/files\/2024\/06\/18-1-1024x576.jpg\" alt=\"\" class=\"wp-image-5312\" srcset=\"https:\/\/vrtec.os-salovci.si\/files\/2024\/06\/18-1-1024x576.jpg 1024w, https:\/\/vrtec.os-salovci.si\/files\/2024\/06\/18-1-300x169.jpg 300w, https:\/\/vrtec.os-salovci.si\/files\/2024\/06\/18-1-768x432.jpg 768w, https:\/\/vrtec.os-salovci.si\/files\/2024\/06\/18-1-1536x864.jpg 1536w, https:\/\/vrtec.os-salovci.si\/files\/2024\/06\/18-1-947x533.jpg 947w, https:\/\/vrtec.os-salovci.si\/files\/2024\/06\/18-1-624x351.jpg 624w, https:\/\/vrtec.os-salovci.si\/files\/2024\/06\/18-1.jpg 1920w\" sizes=\"auto, (max-width: 1024px) 100vw, 1024px\" \/><\/a><\/figure>\n\n\n\n<figure class=\"wp-block-image size-large\"><a href=\"https:\/\/vrtec.os-salovci.si\/files\/2024\/06\/19.jpg\"><img loading=\"lazy\" decoding=\"async\" width=\"1024\" height=\"576\" data-id=\"5313\" src=\"https:\/\/vrtec.os-salovci.si\/files\/2024\/06\/19-1024x576.jpg\" alt=\"\" class=\"wp-image-5313\" srcset=\"https:\/\/vrtec.os-salovci.si\/files\/2024\/06\/19-1024x576.jpg 1024w, https:\/\/vrtec.os-salovci.si\/files\/2024\/06\/19-300x169.jpg 300w, https:\/\/vrtec.os-salovci.si\/files\/2024\/06\/19-768x432.jpg 768w, https:\/\/vrtec.os-salovci.si\/files\/2024\/06\/19-1536x864.jpg 1536w, https:\/\/vrtec.os-salovci.si\/files\/2024\/06\/19-947x533.jpg 947w, https:\/\/vrtec.os-salovci.si\/files\/2024\/06\/19-624x351.jpg 624w, https:\/\/vrtec.os-salovci.si\/files\/2024\/06\/19.jpg 1920w\" sizes=\"auto, (max-width: 1024px) 100vw, 1024px\" \/><\/a><\/figure>\n\n\n\n<figure class=\"wp-block-image size-large\"><a href=\"https:\/\/vrtec.os-salovci.si\/files\/2024\/06\/20.jpg\"><img loading=\"lazy\" decoding=\"async\" width=\"1024\" height=\"576\" data-id=\"5314\" src=\"https:\/\/vrtec.os-salovci.si\/files\/2024\/06\/20-1024x576.jpg\" alt=\"\" class=\"wp-image-5314\" srcset=\"https:\/\/vrtec.os-salovci.si\/files\/2024\/06\/20-1024x576.jpg 1024w, https:\/\/vrtec.os-salovci.si\/files\/2024\/06\/20-300x169.jpg 300w, https:\/\/vrtec.os-salovci.si\/files\/2024\/06\/20-768x432.jpg 768w, https:\/\/vrtec.os-salovci.si\/files\/2024\/06\/20-1536x864.jpg 1536w, https:\/\/vrtec.os-salovci.si\/files\/2024\/06\/20-947x533.jpg 947w, https:\/\/vrtec.os-salovci.si\/files\/2024\/06\/20-624x351.jpg 624w, https:\/\/vrtec.os-salovci.si\/files\/2024\/06\/20.jpg 1920w\" sizes=\"auto, (max-width: 1024px) 100vw, 1024px\" \/><\/a><\/figure>\n\n\n\n<figure class=\"wp-block-image size-large\"><a href=\"https:\/\/vrtec.os-salovci.si\/files\/2024\/06\/21.jpg\"><img loading=\"lazy\" decoding=\"async\" width=\"1024\" height=\"576\" data-id=\"5315\" src=\"https:\/\/vrtec.os-salovci.si\/files\/2024\/06\/21-1024x576.jpg\" alt=\"\" class=\"wp-image-5315\" srcset=\"https:\/\/vrtec.os-salovci.si\/files\/2024\/06\/21-1024x576.jpg 1024w, https:\/\/vrtec.os-salovci.si\/files\/2024\/06\/21-300x169.jpg 300w, https:\/\/vrtec.os-salovci.si\/files\/2024\/06\/21-768x432.jpg 768w, https:\/\/vrtec.os-salovci.si\/files\/2024\/06\/21-1536x864.jpg 1536w, https:\/\/vrtec.os-salovci.si\/files\/2024\/06\/21-947x533.jpg 947w, https:\/\/vrtec.os-salovci.si\/files\/2024\/06\/21-624x351.jpg 624w, https:\/\/vrtec.os-salovci.si\/files\/2024\/06\/21.jpg 1920w\" sizes=\"auto, (max-width: 1024px) 100vw, 1024px\" \/><\/a><\/figure>\n\n\n\n<figure class=\"wp-block-image size-large\"><a href=\"https:\/\/vrtec.os-salovci.si\/files\/2024\/06\/22.jpg\"><img loading=\"lazy\" decoding=\"async\" width=\"1024\" height=\"576\" data-id=\"5316\" src=\"https:\/\/vrtec.os-salovci.si\/files\/2024\/06\/22-1024x576.jpg\" alt=\"\" class=\"wp-image-5316\" srcset=\"https:\/\/vrtec.os-salovci.si\/files\/2024\/06\/22-1024x576.jpg 1024w, https:\/\/vrtec.os-salovci.si\/files\/2024\/06\/22-300x169.jpg 300w, https:\/\/vrtec.os-salovci.si\/files\/2024\/06\/22-768x432.jpg 768w, https:\/\/vrtec.os-salovci.si\/files\/2024\/06\/22-1536x864.jpg 1536w, https:\/\/vrtec.os-salovci.si\/files\/2024\/06\/22-947x533.jpg 947w, https:\/\/vrtec.os-salovci.si\/files\/2024\/06\/22-624x351.jpg 624w, https:\/\/vrtec.os-salovci.si\/files\/2024\/06\/22.jpg 1920w\" sizes=\"auto, (max-width: 1024px) 100vw, 1024px\" \/><\/a><\/figure>\n<\/figure>\n\n\n\n<p>Tako, kot vsako leto do sedaj, smo se tudi letos prijavili na CICI VESELO \u0160OLO, 23.5.2024 smo re\u0161evali zabavne naloge. Pri re\u0161evanju nalog so bili otroci uspe\u0161ni, tako so si prislu\u017eili CICI POHVALE. \u010cESTITAMO VSEM.<\/p>\n\n\n\n<figure class=\"wp-block-image size-full\"><a href=\"https:\/\/vrtec.os-salovci.si\/files\/2024\/06\/23.jpg\"><img loading=\"lazy\" decoding=\"async\" width=\"940\" height=\"788\" src=\"https:\/\/vrtec.os-salovci.si\/files\/2024\/06\/23.jpg\" alt=\"\" class=\"wp-image-5317\" srcset=\"https:\/\/vrtec.os-salovci.si\/files\/2024\/06\/23.jpg 940w, https:\/\/vrtec.os-salovci.si\/files\/2024\/06\/23-300x251.jpg 300w, https:\/\/vrtec.os-salovci.si\/files\/2024\/06\/23-768x644.jpg 768w, https:\/\/vrtec.os-salovci.si\/files\/2024\/06\/23-624x523.jpg 624w\" sizes=\"auto, (max-width: 940px) 100vw, 940px\" \/><\/a><\/figure>\n","protected":false},"excerpt":{"rendered":"<p>V mesecu marcu so praznovale na\u0161e mame, babice, tete,.. zato smo njim z majhno malenkostjo polep\u0161ali njihov dan. \u0160e posebej z veliko radosti ter zanosa pa so otroci izdelovali darila [&hellip;]<\/p>\n","protected":false},"author":81642,"featured_media":5293,"comment_status":"closed","ping_status":"closed","sticky":false,"template":"","format":"standard","meta":{"ngg_post_thumbnail":0,"footnotes":""},"categories":[1],"tags":[],"class_list":["post-5292","post","type-post","status-publish","format-standard","has-post-thumbnail","hentry","category-novice"],"_links":{"self":[{"href":"https:\/\/vrtec.os-salovci.si\/index.php?rest_route=\/wp\/v2\/posts\/5292","targetHints":{"allow":["GET"]}}],"collection":[{"href":"https:\/\/vrtec.os-salovci.si\/index.php?rest_route=\/wp\/v2\/posts"}],"about":[{"href":"https:\/\/vrtec.os-salovci.si\/index.php?rest_route=\/wp\/v2\/types\/post"}],"author":[{"embeddable":true,"href":"https:\/\/vrtec.os-salovci.si\/index.php?rest_route=\/wp\/v2\/users\/81642"}],"replies":[{"embeddable":true,"href":"https:\/\/vrtec.os-salovci.si\/index.php?rest_route=%2Fwp%2Fv2%2Fcomments&post=5292"}],"version-history":[{"count":1,"href":"https:\/\/vrtec.os-salovci.si\/index.php?rest_route=\/wp\/v2\/posts\/5292\/revisions"}],"predecessor-version":[{"id":5318,"href":"https:\/\/vrtec.os-salovci.si\/index.php?rest_route=\/wp\/v2\/posts\/5292\/revisions\/5318"}],"wp:featuredmedia":[{"embeddable":true,"href":"https:\/\/vrtec.os-salovci.si\/index.php?rest_route=\/wp\/v2\/media\/5293"}],"wp:attachment":[{"href":"https:\/\/vrtec.os-salovci.si\/index.php?rest_route=%2Fwp%2Fv2%2Fmedia&parent=5292"}],"wp:term":[{"taxonomy":"category","embeddable":true,"href":"https:\/\/vrtec.os-salovci.si\/index.php?rest_route=%2Fwp%2Fv2%2Fcategories&post=5292"},{"taxonomy":"post_tag","embeddable":true,"href":"https:\/\/vrtec.os-salovci.si\/index.php?rest_route=%2Fwp%2Fv2%2Ftags&post=5292"}],"curies":[{"name":"wp","href":"https:\/\/api.w.org\/{rel}","templated":true}]}}