{"id":4573,"date":"2023-02-09T07:19:45","date_gmt":"2023-02-09T06:19:45","guid":{"rendered":"https:\/\/vrtecsalovci.splet.arnes.si\/?p=4573"},"modified":"2023-02-09T07:20:02","modified_gmt":"2023-02-09T06:20:02","slug":"malcki-smo-obelezili-presernov-dan","status":"publish","type":"post","link":"https:\/\/vrtec.os-salovci.si\/?p=4573","title":{"rendered":"MAL\u010cKI SMO OBELE\u017dILI PRE\u0160ERNOV DAN\u00a0"},"content":{"rendered":"\n<figure class=\"wp-block-image size-large\"><a href=\"https:\/\/vrtec.os-salovci.si\/files\/2023\/02\/IMG_20230207_204756.jpg\"><img loading=\"lazy\" decoding=\"async\" width=\"1024\" height=\"1024\" src=\"https:\/\/vrtec.os-salovci.si\/files\/2023\/02\/IMG_20230207_204756-1024x1024.jpg\" alt=\"\" class=\"wp-image-4574\" srcset=\"https:\/\/vrtec.os-salovci.si\/files\/2023\/02\/IMG_20230207_204756-1024x1024.jpg 1024w, https:\/\/vrtec.os-salovci.si\/files\/2023\/02\/IMG_20230207_204756-300x300.jpg 300w, https:\/\/vrtec.os-salovci.si\/files\/2023\/02\/IMG_20230207_204756-150x150.jpg 150w, https:\/\/vrtec.os-salovci.si\/files\/2023\/02\/IMG_20230207_204756-768x768.jpg 768w, https:\/\/vrtec.os-salovci.si\/files\/2023\/02\/IMG_20230207_204756-947x947.jpg 947w, https:\/\/vrtec.os-salovci.si\/files\/2023\/02\/IMG_20230207_204756-624x624.jpg 624w, https:\/\/vrtec.os-salovci.si\/files\/2023\/02\/IMG_20230207_204756.jpg 1336w\" sizes=\"auto, (max-width: 1024px) 100vw, 1024px\" \/><\/a><\/figure>\n","protected":false},"excerpt":{"rendered":"","protected":false},"author":81642,"featured_media":4574,"comment_status":"closed","ping_status":"closed","sticky":false,"template":"","format":"standard","meta":{"ngg_post_thumbnail":0,"footnotes":""},"categories":[1],"tags":[],"class_list":["post-4573","post","type-post","status-publish","format-standard","has-post-thumbnail","hentry","category-novice"],"_links":{"self":[{"href":"https:\/\/vrtec.os-salovci.si\/index.php?rest_route=\/wp\/v2\/posts\/4573","targetHints":{"allow":["GET"]}}],"collection":[{"href":"https:\/\/vrtec.os-salovci.si\/index.php?rest_route=\/wp\/v2\/posts"}],"about":[{"href":"https:\/\/vrtec.os-salovci.si\/index.php?rest_route=\/wp\/v2\/types\/post"}],"author":[{"embeddable":true,"href":"https:\/\/vrtec.os-salovci.si\/index.php?rest_route=\/wp\/v2\/users\/81642"}],"replies":[{"embeddable":true,"href":"https:\/\/vrtec.os-salovci.si\/index.php?rest_route=%2Fwp%2Fv2%2Fcomments&post=4573"}],"version-history":[{"count":1,"href":"https:\/\/vrtec.os-salovci.si\/index.php?rest_route=\/wp\/v2\/posts\/4573\/revisions"}],"predecessor-version":[{"id":4575,"href":"https:\/\/vrtec.os-salovci.si\/index.php?rest_route=\/wp\/v2\/posts\/4573\/revisions\/4575"}],"wp:featuredmedia":[{"embeddable":true,"href":"https:\/\/vrtec.os-salovci.si\/index.php?rest_route=\/wp\/v2\/media\/4574"}],"wp:attachment":[{"href":"https:\/\/vrtec.os-salovci.si\/index.php?rest_route=%2Fwp%2Fv2%2Fmedia&parent=4573"}],"wp:term":[{"taxonomy":"category","embeddable":true,"href":"https:\/\/vrtec.os-salovci.si\/index.php?rest_route=%2Fwp%2Fv2%2Fcategories&post=4573"},{"taxonomy":"post_tag","embeddable":true,"href":"https:\/\/vrtec.os-salovci.si\/index.php?rest_route=%2Fwp%2Fv2%2Ftags&post=4573"}],"curies":[{"name":"wp","href":"https:\/\/api.w.org\/{rel}","templated":true}]}}