{"id":4502,"date":"2022-12-22T07:14:57","date_gmt":"2022-12-22T06:14:57","guid":{"rendered":"https:\/\/vrtecsalovci.splet.arnes.si\/?p=4502"},"modified":"2022-12-22T07:14:58","modified_gmt":"2022-12-22T06:14:58","slug":"posejali-smo-bozicno-zito","status":"publish","type":"post","link":"https:\/\/vrtec.os-salovci.si\/?p=4502","title":{"rendered":"Posejali smo bo\u017ei\u010dno \u017eito"},"content":{"rendered":"\n<p>Tudi letos smo posejali\u00a0bo\u017ei\u010dno \u017eito. Z na\u0161imi lon\u010dki smo poskrbeli za trajnosti razvoj, kjer so otroci mlaj\u0161e skupine iz plastenk izdelali jelen\u010dke. Starej\u0161i pa so uporabili odpadno steklo in lepo opremili svoje lon\u010dke z napisom. Pri sejanju smo upo\u0161tevali tradicijo, kdaj sejati bo\u017ei\u010dno \u017eito in sicer na dan goda sv. Lucije, 13. decembra. Otroci so pridno polnili lon\u010dke z zemljo. Pridno so upo\u0161tevali navodila, koliko zemlje in p\u0161enice\u00a0damo v lon\u010dke. Poskrbeli smo tudi za dobre pogoje rasti &#8211; dali smo jo na okensko polico in pridno zalivali. Ob vsakodnevnem prihodu otrok, so se otroci ustavljali ob okenski polici in opazovali, \u010de je \u017eito \u017ee za\u010delo kliti. Ne samo p\u0161enica, tudi otro\u0161ko veselje je vsak dan za\u010delo rasti. \u017dito bo v tem prazni\u010dnem \u010dasu, krasilo namizne dekoracije otro\u0161kih domov.\u00a0<\/p>\n\n\n\n<div class=\"wp-block-columns is-layout-flex wp-container-core-columns-is-layout-9d6595d7 wp-block-columns-is-layout-flex\">\n<div class=\"wp-block-column is-layout-flow wp-block-column-is-layout-flow\">\n<figure class=\"wp-block-image size-large\"><a href=\"https:\/\/vrtec.os-salovci.si\/files\/2022\/12\/IMG_20221221_102750.jpg\"><img loading=\"lazy\" decoding=\"async\" width=\"1024\" height=\"1024\" src=\"https:\/\/vrtec.os-salovci.si\/files\/2022\/12\/IMG_20221221_102750-1024x1024.jpg\" alt=\"\" class=\"wp-image-4503\" srcset=\"https:\/\/vrtec.os-salovci.si\/files\/2022\/12\/IMG_20221221_102750-1024x1024.jpg 1024w, https:\/\/vrtec.os-salovci.si\/files\/2022\/12\/IMG_20221221_102750-300x300.jpg 300w, https:\/\/vrtec.os-salovci.si\/files\/2022\/12\/IMG_20221221_102750-150x150.jpg 150w, https:\/\/vrtec.os-salovci.si\/files\/2022\/12\/IMG_20221221_102750-768x768.jpg 768w, https:\/\/vrtec.os-salovci.si\/files\/2022\/12\/IMG_20221221_102750-947x947.jpg 947w, https:\/\/vrtec.os-salovci.si\/files\/2022\/12\/IMG_20221221_102750-624x624.jpg 624w, https:\/\/vrtec.os-salovci.si\/files\/2022\/12\/IMG_20221221_102750.jpg 1336w\" sizes=\"auto, (max-width: 1024px) 100vw, 1024px\" \/><\/a><\/figure>\n<\/div>\n\n\n\n<div class=\"wp-block-column is-layout-flow wp-block-column-is-layout-flow\">\n<figure class=\"wp-block-image size-large\"><a href=\"https:\/\/vrtec.os-salovci.si\/files\/2022\/12\/IMG_20221221_071121.jpg\"><img loading=\"lazy\" decoding=\"async\" width=\"1024\" height=\"1024\" src=\"https:\/\/vrtec.os-salovci.si\/files\/2022\/12\/IMG_20221221_071121-1024x1024.jpg\" alt=\"\" class=\"wp-image-4504\" srcset=\"https:\/\/vrtec.os-salovci.si\/files\/2022\/12\/IMG_20221221_071121-1024x1024.jpg 1024w, https:\/\/vrtec.os-salovci.si\/files\/2022\/12\/IMG_20221221_071121-300x300.jpg 300w, https:\/\/vrtec.os-salovci.si\/files\/2022\/12\/IMG_20221221_071121-150x150.jpg 150w, https:\/\/vrtec.os-salovci.si\/files\/2022\/12\/IMG_20221221_071121-768x768.jpg 768w, https:\/\/vrtec.os-salovci.si\/files\/2022\/12\/IMG_20221221_071121-947x947.jpg 947w, https:\/\/vrtec.os-salovci.si\/files\/2022\/12\/IMG_20221221_071121-624x624.jpg 624w, https:\/\/vrtec.os-salovci.si\/files\/2022\/12\/IMG_20221221_071121.jpg 1336w\" sizes=\"auto, (max-width: 1024px) 100vw, 1024px\" \/><\/a><\/figure>\n<\/div>\n<\/div>\n","protected":false},"excerpt":{"rendered":"<p>Tudi letos smo posejali\u00a0bo\u017ei\u010dno \u017eito. Z na\u0161imi lon\u010dki smo poskrbeli za trajnosti razvoj, kjer so otroci mlaj\u0161e skupine iz plastenk izdelali jelen\u010dke. Starej\u0161i pa so uporabili odpadno steklo in lepo [&hellip;]<\/p>\n","protected":false},"author":81642,"featured_media":4504,"comment_status":"closed","ping_status":"open","sticky":false,"template":"","format":"standard","meta":{"ngg_post_thumbnail":0,"footnotes":""},"categories":[1],"tags":[],"class_list":["post-4502","post","type-post","status-publish","format-standard","has-post-thumbnail","hentry","category-novice"],"_links":{"self":[{"href":"https:\/\/vrtec.os-salovci.si\/index.php?rest_route=\/wp\/v2\/posts\/4502","targetHints":{"allow":["GET"]}}],"collection":[{"href":"https:\/\/vrtec.os-salovci.si\/index.php?rest_route=\/wp\/v2\/posts"}],"about":[{"href":"https:\/\/vrtec.os-salovci.si\/index.php?rest_route=\/wp\/v2\/types\/post"}],"author":[{"embeddable":true,"href":"https:\/\/vrtec.os-salovci.si\/index.php?rest_route=\/wp\/v2\/users\/81642"}],"replies":[{"embeddable":true,"href":"https:\/\/vrtec.os-salovci.si\/index.php?rest_route=%2Fwp%2Fv2%2Fcomments&post=4502"}],"version-history":[{"count":1,"href":"https:\/\/vrtec.os-salovci.si\/index.php?rest_route=\/wp\/v2\/posts\/4502\/revisions"}],"predecessor-version":[{"id":4505,"href":"https:\/\/vrtec.os-salovci.si\/index.php?rest_route=\/wp\/v2\/posts\/4502\/revisions\/4505"}],"wp:featuredmedia":[{"embeddable":true,"href":"https:\/\/vrtec.os-salovci.si\/index.php?rest_route=\/wp\/v2\/media\/4504"}],"wp:attachment":[{"href":"https:\/\/vrtec.os-salovci.si\/index.php?rest_route=%2Fwp%2Fv2%2Fmedia&parent=4502"}],"wp:term":[{"taxonomy":"category","embeddable":true,"href":"https:\/\/vrtec.os-salovci.si\/index.php?rest_route=%2Fwp%2Fv2%2Fcategories&post=4502"},{"taxonomy":"post_tag","embeddable":true,"href":"https:\/\/vrtec.os-salovci.si\/index.php?rest_route=%2Fwp%2Fv2%2Ftags&post=4502"}],"curies":[{"name":"wp","href":"https:\/\/api.w.org\/{rel}","templated":true}]}}