{"id":4499,"date":"2022-12-15T12:20:56","date_gmt":"2022-12-15T11:20:56","guid":{"rendered":"https:\/\/vrtecsalovci.splet.arnes.si\/?p=4499"},"modified":"2022-12-15T12:20:58","modified_gmt":"2022-12-15T11:20:58","slug":"okrasevanje-bozicno-novoletne-jelke","status":"publish","type":"post","link":"https:\/\/vrtec.os-salovci.si\/?p=4499","title":{"rendered":"Okra\u0161evanje bo\u017ei\u010dno novoletne jelke"},"content":{"rendered":"\n<p>Zadnji mesec v tem letu je pri nas v vrtcu prazni\u010dno obarvan, kateri vklju\u010duje pestre in raznorazne dejavnosti. Izdelali smo naravne okraske za na\u0161o bo\u017ei\u010dno novoletno jelko. Prav posebno do\u017eivetje za otroke je bilo, ko so jih obe\u0161ali na na\u0161o letos malo druga\u010dno jelko, katera sovpada z na\u0161o vodilno vsebino &#8211;&nbsp;<em>\u00bbGOZD SKOZI O\u010cI PRED\u0160OLSKIH OTROK\u00ab<\/em>in vklju\u010ditvijo v projekt Mre\u017ee gozdnih vrtcev. Hvale\u017eni smo na\u0161emu hi\u0161niku, ki je na\u0161e ideje spremenil v realizacijo in nam tako naredil naravno jelko. Z na\u0161o jelko in naravnimi okraski smo hkrati poskrbeli za trajnostni razvoj.&nbsp;Otroci so se veselili, u\u017eivali ob poslu\u0161anju bo\u017ei\u010dnih melodij in zaplesali okrog okra\u0161ene bo\u017ei\u010dno novoletne jelke.<\/p>\n\n\n\n<p>Bili so zadovoljni s svojim delom. Bo\u017ei\u010dno novoletna jelka nam je polep\u0161ala garderobo in v nas vzbudila \u0161e ve\u010dje pri\u010dakovanje Bo\u017ei\u010dka.<\/p>\n\n\n\nngg_shortcode_0_placeholder\n","protected":false},"excerpt":{"rendered":"<p>Zadnji mesec v tem letu je pri nas v vrtcu prazni\u010dno obarvan, kateri vklju\u010duje pestre in raznorazne dejavnosti. Izdelali smo naravne okraske za na\u0161o bo\u017ei\u010dno novoletno jelko. Prav posebno do\u017eivetje [&hellip;]<\/p>\n","protected":false},"author":81642,"featured_media":4501,"comment_status":"closed","ping_status":"open","sticky":false,"template":"","format":"standard","meta":{"ngg_post_thumbnail":10958,"footnotes":""},"categories":[1],"tags":[],"class_list":["post-4499","post","type-post","status-publish","format-standard","has-post-thumbnail","hentry","category-novice"],"_links":{"self":[{"href":"https:\/\/vrtec.os-salovci.si\/index.php?rest_route=\/wp\/v2\/posts\/4499","targetHints":{"allow":["GET"]}}],"collection":[{"href":"https:\/\/vrtec.os-salovci.si\/index.php?rest_route=\/wp\/v2\/posts"}],"about":[{"href":"https:\/\/vrtec.os-salovci.si\/index.php?rest_route=\/wp\/v2\/types\/post"}],"author":[{"embeddable":true,"href":"https:\/\/vrtec.os-salovci.si\/index.php?rest_route=\/wp\/v2\/users\/81642"}],"replies":[{"embeddable":true,"href":"https:\/\/vrtec.os-salovci.si\/index.php?rest_route=%2Fwp%2Fv2%2Fcomments&post=4499"}],"version-history":[{"count":1,"href":"https:\/\/vrtec.os-salovci.si\/index.php?rest_route=\/wp\/v2\/posts\/4499\/revisions"}],"predecessor-version":[{"id":4500,"href":"https:\/\/vrtec.os-salovci.si\/index.php?rest_route=\/wp\/v2\/posts\/4499\/revisions\/4500"}],"wp:featuredmedia":[{"embeddable":true,"href":"https:\/\/vrtec.os-salovci.si\/index.php?rest_route=\/wp\/v2\/media\/4501"}],"wp:attachment":[{"href":"https:\/\/vrtec.os-salovci.si\/index.php?rest_route=%2Fwp%2Fv2%2Fmedia&parent=4499"}],"wp:term":[{"taxonomy":"category","embeddable":true,"href":"https:\/\/vrtec.os-salovci.si\/index.php?rest_route=%2Fwp%2Fv2%2Fcategories&post=4499"},{"taxonomy":"post_tag","embeddable":true,"href":"https:\/\/vrtec.os-salovci.si\/index.php?rest_route=%2Fwp%2Fv2%2Ftags&post=4499"}],"curies":[{"name":"wp","href":"https:\/\/api.w.org\/{rel}","templated":true}]}}