{"id":4487,"date":"2022-12-06T10:45:19","date_gmt":"2022-12-06T09:45:19","guid":{"rendered":"https:\/\/vrtecsalovci.splet.arnes.si\/?p=4487"},"modified":"2022-12-06T10:45:21","modified_gmt":"2022-12-06T09:45:21","slug":"obisk-miklavza-2","status":"publish","type":"post","link":"https:\/\/vrtec.os-salovci.si\/?p=4487","title":{"rendered":"Obisk Miklav\u017ea"},"content":{"rendered":"\n<p>Bili smo pridni&#8230; Ne le na dana\u0161nji dan, ko nas je obiskal Miklav\u017e, pa\u010d pa celo leto. \u017de zjutraj se je Miklav\u017e sprehodil okrog vrtca in poslu\u0161al ali smo pridni. Njegove \u010dudovite pomo\u010dnice vzgojiteljice, so mu pri\u0161epnile, da so otroci pridni, ne nagajajo drug drugemu, imajo pridno pospravljene \u010devlje in jakne ter pridno pospravljajo igra\u010de. Pred vrati vrtca nas je \u010dakalo darilo in Miklav\u017eevo pismo. Skupaj smo prebrali njegovo pismo in pogledali darila.&nbsp;<\/p>\n\n\n\n<p class=\"has-text-align-right\">Hvala Miklav\u017e &#8211; tvoji otroci.<\/p>\n\n\n\n<figure class=\"wp-block-image size-large is-resized\"><a href=\"https:\/\/vrtec.os-salovci.si\/files\/2022\/12\/IMG_20221206_101331.jpg\"><img loading=\"lazy\" decoding=\"async\" src=\"https:\/\/vrtec.os-salovci.si\/files\/2022\/12\/IMG_20221206_101331-1024x1024.jpg\" alt=\"\" class=\"wp-image-4488\" width=\"566\" height=\"566\" srcset=\"https:\/\/vrtec.os-salovci.si\/files\/2022\/12\/IMG_20221206_101331-1024x1024.jpg 1024w, https:\/\/vrtec.os-salovci.si\/files\/2022\/12\/IMG_20221206_101331-300x300.jpg 300w, https:\/\/vrtec.os-salovci.si\/files\/2022\/12\/IMG_20221206_101331-150x150.jpg 150w, https:\/\/vrtec.os-salovci.si\/files\/2022\/12\/IMG_20221206_101331-768x768.jpg 768w, https:\/\/vrtec.os-salovci.si\/files\/2022\/12\/IMG_20221206_101331-947x947.jpg 947w, https:\/\/vrtec.os-salovci.si\/files\/2022\/12\/IMG_20221206_101331-624x624.jpg 624w, https:\/\/vrtec.os-salovci.si\/files\/2022\/12\/IMG_20221206_101331.jpg 1336w\" sizes=\"auto, (max-width: 566px) 100vw, 566px\" \/><\/a><\/figure>\n","protected":false},"excerpt":{"rendered":"<p>Bili smo pridni&#8230; Ne le na dana\u0161nji dan, ko nas je obiskal Miklav\u017e, pa\u010d pa celo leto. \u017de zjutraj se je Miklav\u017e sprehodil okrog vrtca in poslu\u0161al ali smo pridni. [&hellip;]<\/p>\n","protected":false},"author":81642,"featured_media":4488,"comment_status":"closed","ping_status":"open","sticky":false,"template":"","format":"standard","meta":{"ngg_post_thumbnail":0,"footnotes":""},"categories":[1],"tags":[],"class_list":["post-4487","post","type-post","status-publish","format-standard","has-post-thumbnail","hentry","category-novice"],"_links":{"self":[{"href":"https:\/\/vrtec.os-salovci.si\/index.php?rest_route=\/wp\/v2\/posts\/4487","targetHints":{"allow":["GET"]}}],"collection":[{"href":"https:\/\/vrtec.os-salovci.si\/index.php?rest_route=\/wp\/v2\/posts"}],"about":[{"href":"https:\/\/vrtec.os-salovci.si\/index.php?rest_route=\/wp\/v2\/types\/post"}],"author":[{"embeddable":true,"href":"https:\/\/vrtec.os-salovci.si\/index.php?rest_route=\/wp\/v2\/users\/81642"}],"replies":[{"embeddable":true,"href":"https:\/\/vrtec.os-salovci.si\/index.php?rest_route=%2Fwp%2Fv2%2Fcomments&post=4487"}],"version-history":[{"count":1,"href":"https:\/\/vrtec.os-salovci.si\/index.php?rest_route=\/wp\/v2\/posts\/4487\/revisions"}],"predecessor-version":[{"id":4489,"href":"https:\/\/vrtec.os-salovci.si\/index.php?rest_route=\/wp\/v2\/posts\/4487\/revisions\/4489"}],"wp:featuredmedia":[{"embeddable":true,"href":"https:\/\/vrtec.os-salovci.si\/index.php?rest_route=\/wp\/v2\/media\/4488"}],"wp:attachment":[{"href":"https:\/\/vrtec.os-salovci.si\/index.php?rest_route=%2Fwp%2Fv2%2Fmedia&parent=4487"}],"wp:term":[{"taxonomy":"category","embeddable":true,"href":"https:\/\/vrtec.os-salovci.si\/index.php?rest_route=%2Fwp%2Fv2%2Fcategories&post=4487"},{"taxonomy":"post_tag","embeddable":true,"href":"https:\/\/vrtec.os-salovci.si\/index.php?rest_route=%2Fwp%2Fv2%2Ftags&post=4487"}],"curies":[{"name":"wp","href":"https:\/\/api.w.org\/{rel}","templated":true}]}}