{"id":4479,"date":"2022-11-18T11:23:25","date_gmt":"2022-11-18T10:23:25","guid":{"rendered":"https:\/\/vrtecsalovci.splet.arnes.si\/?p=4479"},"modified":"2022-11-18T11:25:37","modified_gmt":"2022-11-18T10:25:37","slug":"tradicionalni-slovenski-zajtrk-2","status":"publish","type":"post","link":"https:\/\/vrtec.os-salovci.si\/?p=4479","title":{"rendered":"Tradicionalni slovenski zajtrk"},"content":{"rendered":"\n<p>Slogan leto\u0161njega&nbsp;<em>Tradicionalnega slovenskega zajtrka<\/em>, katerega namen je pomagati pri osve\u0161\u010danju in predajanju klju\u010dnih sporo\u010dil ob dnevu slovenske hrane, se glasi:&nbsp;<strong>\u00bbZajtrk z mlekom \u2013 super dan!\u00ab.<\/strong><\/p>\n\n\n\n<div class=\"wp-block-columns is-layout-flex wp-container-core-columns-is-layout-9d6595d7 wp-block-columns-is-layout-flex\">\n<div class=\"wp-block-column is-layout-flow wp-block-column-is-layout-flow\">\n<figure class=\"wp-block-image size-large is-resized\"><a href=\"https:\/\/vrtec.os-salovci.si\/files\/2022\/11\/310400533_484667193480818_8287529876567886704_n.jpg\"><img loading=\"lazy\" decoding=\"async\" src=\"https:\/\/vrtec.os-salovci.si\/files\/2022\/11\/310400533_484667193480818_8287529876567886704_n-1024x1024.jpg\" alt=\"\" class=\"wp-image-4477\" width=\"413\" height=\"413\" srcset=\"https:\/\/vrtec.os-salovci.si\/files\/2022\/11\/310400533_484667193480818_8287529876567886704_n-1024x1024.jpg 1024w, https:\/\/vrtec.os-salovci.si\/files\/2022\/11\/310400533_484667193480818_8287529876567886704_n-300x300.jpg 300w, https:\/\/vrtec.os-salovci.si\/files\/2022\/11\/310400533_484667193480818_8287529876567886704_n-150x150.jpg 150w, https:\/\/vrtec.os-salovci.si\/files\/2022\/11\/310400533_484667193480818_8287529876567886704_n-768x768.jpg 768w, https:\/\/vrtec.os-salovci.si\/files\/2022\/11\/310400533_484667193480818_8287529876567886704_n-947x947.jpg 947w, https:\/\/vrtec.os-salovci.si\/files\/2022\/11\/310400533_484667193480818_8287529876567886704_n-624x624.jpg 624w, https:\/\/vrtec.os-salovci.si\/files\/2022\/11\/310400533_484667193480818_8287529876567886704_n.jpg 1336w\" sizes=\"auto, (max-width: 413px) 100vw, 413px\" \/><\/a><\/figure>\n<\/div>\n\n\n\n<div class=\"wp-block-column is-layout-flow wp-block-column-is-layout-flow\">\n<figure class=\"wp-block-image size-full\"><a href=\"https:\/\/vrtec.os-salovci.si\/files\/2022\/11\/zajtrk.jpg\"><img loading=\"lazy\" decoding=\"async\" width=\"584\" height=\"783\" src=\"https:\/\/vrtec.os-salovci.si\/files\/2022\/11\/zajtrk.jpg\" alt=\"\" class=\"wp-image-4478\" srcset=\"https:\/\/vrtec.os-salovci.si\/files\/2022\/11\/zajtrk.jpg 584w, https:\/\/vrtec.os-salovci.si\/files\/2022\/11\/zajtrk-224x300.jpg 224w\" sizes=\"auto, (max-width: 584px) 100vw, 584px\" \/><\/a><\/figure>\n<\/div>\n<\/div>\n","protected":false},"excerpt":{"rendered":"<p>Slogan leto\u0161njega&nbsp;Tradicionalnega slovenskega zajtrka, katerega namen je pomagati pri osve\u0161\u010danju in predajanju klju\u010dnih sporo\u010dil ob dnevu slovenske hrane, se glasi:&nbsp;\u00bbZajtrk z mlekom \u2013 super dan!\u00ab.<\/p>\n","protected":false},"author":81642,"featured_media":4477,"comment_status":"closed","ping_status":"open","sticky":false,"template":"","format":"standard","meta":{"ngg_post_thumbnail":0,"footnotes":""},"categories":[1],"tags":[],"class_list":["post-4479","post","type-post","status-publish","format-standard","has-post-thumbnail","hentry","category-novice"],"_links":{"self":[{"href":"https:\/\/vrtec.os-salovci.si\/index.php?rest_route=\/wp\/v2\/posts\/4479","targetHints":{"allow":["GET"]}}],"collection":[{"href":"https:\/\/vrtec.os-salovci.si\/index.php?rest_route=\/wp\/v2\/posts"}],"about":[{"href":"https:\/\/vrtec.os-salovci.si\/index.php?rest_route=\/wp\/v2\/types\/post"}],"author":[{"embeddable":true,"href":"https:\/\/vrtec.os-salovci.si\/index.php?rest_route=\/wp\/v2\/users\/81642"}],"replies":[{"embeddable":true,"href":"https:\/\/vrtec.os-salovci.si\/index.php?rest_route=%2Fwp%2Fv2%2Fcomments&post=4479"}],"version-history":[{"count":2,"href":"https:\/\/vrtec.os-salovci.si\/index.php?rest_route=\/wp\/v2\/posts\/4479\/revisions"}],"predecessor-version":[{"id":4483,"href":"https:\/\/vrtec.os-salovci.si\/index.php?rest_route=\/wp\/v2\/posts\/4479\/revisions\/4483"}],"wp:featuredmedia":[{"embeddable":true,"href":"https:\/\/vrtec.os-salovci.si\/index.php?rest_route=\/wp\/v2\/media\/4477"}],"wp:attachment":[{"href":"https:\/\/vrtec.os-salovci.si\/index.php?rest_route=%2Fwp%2Fv2%2Fmedia&parent=4479"}],"wp:term":[{"taxonomy":"category","embeddable":true,"href":"https:\/\/vrtec.os-salovci.si\/index.php?rest_route=%2Fwp%2Fv2%2Fcategories&post=4479"},{"taxonomy":"post_tag","embeddable":true,"href":"https:\/\/vrtec.os-salovci.si\/index.php?rest_route=%2Fwp%2Fv2%2Ftags&post=4479"}],"curies":[{"name":"wp","href":"https:\/\/api.w.org\/{rel}","templated":true}]}}