{"id":4420,"date":"2022-10-10T08:05:34","date_gmt":"2022-10-10T06:05:34","guid":{"rendered":"https:\/\/vrtecsalovci.splet.arnes.si\/?p=4420"},"modified":"2022-10-10T08:05:36","modified_gmt":"2022-10-10T06:05:36","slug":"teden-otroka-5-dan","status":"publish","type":"post","link":"https:\/\/vrtec.os-salovci.si\/?p=4420","title":{"rendered":"Teden otroka &#8211; 5.dan"},"content":{"rendered":"\n<p>Dogodiv\u0161\u010dina mal\u010dkov se je za\u010dela \u017ee z samo vo\u017enjo do Peterlouga. Ob sprehodu smo sre\u010dali \u017eivali in si z razdalje ogledali \u010debelnjak. Prav tako smo izkoristili prilo\u017enost in se ustavili pri g. \u017eupniku Dejanu, kjer smo si lahko ogledali kravice. Za konec smo v dar prejeli med in se v Peterlougu pogostili.<\/p>\n\n\n\nngg_shortcode_0_placeholder\n\n\n\n<p>Teden otroka smo v starej\u0161i skupini zaklju\u010dili z vo\u017enjo v Peterloug. \u017de vo\u017enja s kombijem je otroke navdu\u0161ila.Prijeten sprejem je otrokom prinesel\u00a0 dodatno energijo. Najprej so si otroci nabrali jabolka. Potem pa smo se odpravili na sprehod, kjer smo opazovali konje ter \u0161kotsko govedo. Konjem smo za pribolj\u0161ek dali jabolka. Ogledali smo si tudi \u010debelnjak. Odpravili smo se nazaj v Peterloug, kjer smo u\u017eivali v jesenskih barvah ter se sladkali s keksi in \u010dajem.\u00a0Imeli smo prijetno obogateno dopoldne, ki nam bo ostalo v prijetnem spominu.\u00a0<\/p>\n\n\n\nngg_shortcode_1_placeholder\n","protected":false},"excerpt":{"rendered":"<p>Dogodiv\u0161\u010dina mal\u010dkov se je za\u010dela \u017ee z samo vo\u017enjo do Peterlouga. Ob sprehodu smo sre\u010dali \u017eivali in si z razdalje ogledali \u010debelnjak. Prav tako smo izkoristili prilo\u017enost in se ustavili [&hellip;]<\/p>\n","protected":false},"author":81642,"featured_media":4422,"comment_status":"closed","ping_status":"open","sticky":false,"template":"","format":"standard","meta":{"ngg_post_thumbnail":10919,"footnotes":""},"categories":[1],"tags":[],"class_list":["post-4420","post","type-post","status-publish","format-standard","has-post-thumbnail","hentry","category-novice"],"_links":{"self":[{"href":"https:\/\/vrtec.os-salovci.si\/index.php?rest_route=\/wp\/v2\/posts\/4420","targetHints":{"allow":["GET"]}}],"collection":[{"href":"https:\/\/vrtec.os-salovci.si\/index.php?rest_route=\/wp\/v2\/posts"}],"about":[{"href":"https:\/\/vrtec.os-salovci.si\/index.php?rest_route=\/wp\/v2\/types\/post"}],"author":[{"embeddable":true,"href":"https:\/\/vrtec.os-salovci.si\/index.php?rest_route=\/wp\/v2\/users\/81642"}],"replies":[{"embeddable":true,"href":"https:\/\/vrtec.os-salovci.si\/index.php?rest_route=%2Fwp%2Fv2%2Fcomments&post=4420"}],"version-history":[{"count":1,"href":"https:\/\/vrtec.os-salovci.si\/index.php?rest_route=\/wp\/v2\/posts\/4420\/revisions"}],"predecessor-version":[{"id":4421,"href":"https:\/\/vrtec.os-salovci.si\/index.php?rest_route=\/wp\/v2\/posts\/4420\/revisions\/4421"}],"wp:featuredmedia":[{"embeddable":true,"href":"https:\/\/vrtec.os-salovci.si\/index.php?rest_route=\/wp\/v2\/media\/4422"}],"wp:attachment":[{"href":"https:\/\/vrtec.os-salovci.si\/index.php?rest_route=%2Fwp%2Fv2%2Fmedia&parent=4420"}],"wp:term":[{"taxonomy":"category","embeddable":true,"href":"https:\/\/vrtec.os-salovci.si\/index.php?rest_route=%2Fwp%2Fv2%2Fcategories&post=4420"},{"taxonomy":"post_tag","embeddable":true,"href":"https:\/\/vrtec.os-salovci.si\/index.php?rest_route=%2Fwp%2Fv2%2Ftags&post=4420"}],"curies":[{"name":"wp","href":"https:\/\/api.w.org\/{rel}","templated":true}]}}