{"id":4327,"date":"2022-10-04T10:52:20","date_gmt":"2022-10-04T08:52:20","guid":{"rendered":"https:\/\/vrtecsalovci.splet.arnes.si\/?p=4327"},"modified":"2022-10-04T10:53:45","modified_gmt":"2022-10-04T08:53:45","slug":"fundacija-bostjan-bandlja","status":"publish","type":"post","link":"https:\/\/vrtec.os-salovci.si\/?p=4327","title":{"rendered":"Fundacija Bo\u0161tjan Bandlja"},"content":{"rendered":"\n<p>Nedavno ustanovljena fundacija je nastala na pobudo Bo\u0161tjana Bandlja, ki ga je vodila preprosta \u017eelja \u2013 pomagati ljudem k bolj\u0161emu in polnej\u0161emu \u017eivljenju.<\/p>\n\n\n\n<p>V \u017eivljenju se v\u010dasih pojavijo ovire, ki mo\u010dno vplivajo na njegovo kakovost: dolga \u010dakalna vrsta na medicinski poseg, ki bi posamezniku izbolj\u0161al po\u010dutje; visoki \u017eivljenjski stro\u0161ki za mlade star\u0161e, ki so komaj na pragu svoje poklicne poti; povi\u0161ani izdatki v podporo nadarjenemu otroku, ki si jih dru\u017eina ne more privo\u0161\u010diti in podobno. <strong>Fundacija \u017eeli s svojimi sredstvi ob tak\u0161nih trenutkih posameznikom in dru\u017einam prisko\u010diti na pomo\u010d.<\/strong><\/p>\n\n\n\n<p><strong>Namen fundacije je dobrodelen in splo\u0161no koristen.<\/strong><\/p>\n\n\n\n<p>Fundacija se pri izvajanju projektov povezuje z razli\u010dnimi strokovnjaki, finan\u010dna pomo\u010d pa je neposredno usmerjena k dejanjem, ki pomenijo konkretno spremembo za posameznika ali dru\u017eino. <strong>Sredstev ne nakazuje dru\u0161tvom ali drugim posrednikom.<\/strong><\/p>\n\n\n\n<p>&nbsp;Biti mlad star\u0161 je \u010dudovita izku\u0161nja in pogumna odlo\u010ditev. Hkrati pa je to obdobje, ko so \u017eivljenjski stro\u0161ki \u0161e posebej visoki, mladi pa komaj na za\u010detku poklicne poti.<\/p>\n\n\n\n<p>Zato je \u017eelja Bo\u0161tjana Bandlja, ustanovitelja Fundacije, da s prvim projektom pomaga mladim star\u0161em in poskrbi <strong><u>za pla\u010dilo oskrbnine vrtca za en mesec.<\/u><\/strong><\/p>\n\n\n\n<p>Na razpis za prejem donacije za pla\u010dilo oskrbnine v vrtcu se lahko prijavijo <strong>mladi star\u0161i-slovenski dr\u017eavljani, ki so rojeni leta 1989 ali kasneje<\/strong> in ki so star\u0161i otroka, ki je vklju\u010den in obiskuje vrtec v Sloveniji. Mlad star\u0161 je \u010dudovita izku\u0161nja in pogumna.<\/p>\n\n\n\n<p><strong><u>Splo\u0161ni pogoji za pridobitev donacije<\/u><\/strong> za pla\u010dilo oskrbnine v vrtcu za mesec oktober 2022 so dostopni na povezavi&nbsp;<a href=\"https:\/\/www.fundacijabb.org\/razpis\">www.fundacijabb.org\/razpis<\/a>. Splo\u0161ni pogoji opredeljujejo postopek prijave, vsebino dogovora med Fundacijo in prejemnikom donacije in jih je prijavitelj na poziv Fundacije dol\u017ean sprejeti.Hkrati pa je to obdobje, ko so \u017eivljenjski stro\u0161ki \u0161e posebej visoki, mladi pa k https:\/\/www.fundacijabostjanabandlja.org\/razpis\/splosni-pogojiomaj na za\u010detku poklicne poti.<\/p>\n\n\n\n<p><strong>Rok in postopek prijave<\/strong><\/p>\n\n\n\n<p>Prijavo je mo\u017eno oddati izklju\u010dno <strong><u>od 22. 9. do dne 20. 10. 2022<\/u><\/strong> in na na\u010din, opisan v nadaljevanju.<\/p>\n\n\n\n<p><strong>Pravilna in to\u010dna izpolnitev obrazca prijave na&nbsp;<\/strong><a href=\"https:\/\/www.fundacijabostjanabandlja.org\/razpis\"><strong>spletni strani<\/strong><\/a><strong>:<\/strong><\/p>\n\n\n\n<p><a href=\"https:\/\/www.fundacijabostjanabandlja.org\/razpis\/splosni-p\">https:\/\/www.fundacijabostjanabandlja.org\/razpis\/splosni-p<\/a><\/p>\n\n\n\n<p><strong>USTANOVA \u201cFUNDACIJA BO\u0160TJANA BANDLJA\u201d<\/strong><br>Cvetkova ulica 25<br>1000 Ljubljana<br>Dav\u010dna \u0161tevilka: 37634712<br>Mati\u010dna \u0161tevilka: 2701367000<br>TRR: SI56 0292 3026 3910 756<br><a href=\"mailto:info@fundacijabb.org\"><strong>info@fundacijabb.org<\/strong><\/a><strong><\/strong><\/p>\n","protected":false},"excerpt":{"rendered":"<p>Nedavno ustanovljena fundacija je nastala na pobudo Bo\u0161tjana Bandlja, ki ga je vodila preprosta \u017eelja \u2013 pomagati ljudem k bolj\u0161emu in polnej\u0161emu \u017eivljenju. V \u017eivljenju se v\u010dasih pojavijo ovire, ki [&hellip;]<\/p>\n","protected":false},"author":81642,"featured_media":4324,"comment_status":"closed","ping_status":"open","sticky":false,"template":"","format":"standard","meta":{"ngg_post_thumbnail":0,"footnotes":""},"categories":[1],"tags":[],"class_list":["post-4327","post","type-post","status-publish","format-standard","has-post-thumbnail","hentry","category-novice"],"_links":{"self":[{"href":"https:\/\/vrtec.os-salovci.si\/index.php?rest_route=\/wp\/v2\/posts\/4327","targetHints":{"allow":["GET"]}}],"collection":[{"href":"https:\/\/vrtec.os-salovci.si\/index.php?rest_route=\/wp\/v2\/posts"}],"about":[{"href":"https:\/\/vrtec.os-salovci.si\/index.php?rest_route=\/wp\/v2\/types\/post"}],"author":[{"embeddable":true,"href":"https:\/\/vrtec.os-salovci.si\/index.php?rest_route=\/wp\/v2\/users\/81642"}],"replies":[{"embeddable":true,"href":"https:\/\/vrtec.os-salovci.si\/index.php?rest_route=%2Fwp%2Fv2%2Fcomments&post=4327"}],"version-history":[{"count":2,"href":"https:\/\/vrtec.os-salovci.si\/index.php?rest_route=\/wp\/v2\/posts\/4327\/revisions"}],"predecessor-version":[{"id":4329,"href":"https:\/\/vrtec.os-salovci.si\/index.php?rest_route=\/wp\/v2\/posts\/4327\/revisions\/4329"}],"wp:featuredmedia":[{"embeddable":true,"href":"https:\/\/vrtec.os-salovci.si\/index.php?rest_route=\/wp\/v2\/media\/4324"}],"wp:attachment":[{"href":"https:\/\/vrtec.os-salovci.si\/index.php?rest_route=%2Fwp%2Fv2%2Fmedia&parent=4327"}],"wp:term":[{"taxonomy":"category","embeddable":true,"href":"https:\/\/vrtec.os-salovci.si\/index.php?rest_route=%2Fwp%2Fv2%2Fcategories&post=4327"},{"taxonomy":"post_tag","embeddable":true,"href":"https:\/\/vrtec.os-salovci.si\/index.php?rest_route=%2Fwp%2Fv2%2Ftags&post=4327"}],"curies":[{"name":"wp","href":"https:\/\/api.w.org\/{rel}","templated":true}]}}