{"id":4141,"date":"2022-06-30T09:47:29","date_gmt":"2022-06-30T07:47:29","guid":{"rendered":"https:\/\/vrtecsalovci.splet.arnes.si\/?p=4141"},"modified":"2022-09-12T13:17:41","modified_gmt":"2022-09-12T11:17:41","slug":"zdravje-v-vrtcu","status":"publish","type":"post","link":"https:\/\/vrtec.os-salovci.si\/?p=4141","title":{"rendered":"Zdravje v vrtcu"},"content":{"rendered":"<p style=\"text-align: center\"><a href=\"https:\/\/vrtec.os-salovci.si\/files\/2022\/06\/zvv.jpg\"><img loading=\"lazy\" decoding=\"async\" class=\"wp-image-4144 alignnone size-full\" src=\"https:\/\/vrtec.os-salovci.si\/files\/2022\/06\/zvv.jpg\" alt=\"\" width=\"225\" height=\"225\" srcset=\"https:\/\/vrtec.os-salovci.si\/files\/2022\/06\/zvv.jpg 225w, https:\/\/vrtec.os-salovci.si\/files\/2022\/06\/zvv-150x150.jpg 150w\" sizes=\"auto, (max-width: 225px) 100vw, 225px\" \/><\/a><\/p>\n<p><em>Vrtec je sodeloval v nacionalnem projektu Zdravje v vrtcu, ki deluje pod okriljem Nacionalnega in\u0161tituta za javno zdravje. Vsebine so bile povezane z zdravjem, dobrim po\u010dutjem in sodelovanjem s strokovnjaki iz NIJZ. <\/em><em>Rde\u010da nit v tem \u0161olskem letu je bila \u00bb Krepim (oblikujem) sebe in svojo skupnost. Med svoje prioritete smo postavili krepitev zdravja in dobrega po\u010dutja. <\/em><em>Prav gotovo smo v vrtcu&nbsp; krepili svoje zdravje z gibanjem. &nbsp;Sprehodi in izleti v naravo so nas pripeljali do bolj\u0161ega po\u010dutja. Kolikor nam je vreme dopu\u0161\u010dalo smo jih izvajali zunaj. Gibalne aktivnosti so popestrile na\u0161 vsakdan. \u0160e posebej pa smo se razveselili novih otro\u0161kih \u010delad za na\u0161e male varne glave. <\/em><em>Skozi vso \u0161olsko leto 2021\/22 smo sledili vsem smernicam ter priporo\u010dilom NIJZ za vrtce. Zato smo veliko pozornosti posvetili higienskim navadam. <\/em><em>Zdrava prehrana je korak do bolj\u0161ega po\u010dutja. V mesecu novembru smo se tako pridru\u017eili vseslovenski akciji Tradicionalni slovenski zajtrk, v okviru katerega so potekale dejavnosti povezane z zdravo prehrano in zdravim na\u010dinom \u017eivljenja. Zdravi prehrani ter pridobivanju dobrih prehranjevalnih navad smo skozi celo leto namenjali veliko pozornosti. <\/em><em>Veliko pozornosti smo dali tudi temu, da otroci vidijo, kje in kako se hrana pridela. Tako smo se udele\u017eili bratve, pobirali smo krompir, ogledovali smo si \u0161olski vrt, posejali smo p\u0161enico, igrali smo se jesensko tr\u017enico, nabirali jesenske plodove,\u2026T<\/em><em>ako so na\u0161i otroci pri vsem tem opazovali in spoznavali naravo, njeni cikel ter zakonitosti. <\/em><em>K na\u0161emu dobremu po\u010dutju pa so veliko pripomogle tudi \u017eivali. Otroci so obiskovali \u017eivali, ki \u017eivijo na kmetiji Korenika. Na obisk v vrtec pa je pri\u0161la tudi psi\u010dka. \u017divali spodbujajo otrokovo aktivnost, kar pa pozitivno vpliva na njihovo po\u010dutje ter zdravje. <\/em><\/p>\n<p><em>\u00bb Ni\u010d ve\u010d ne bo kot je bilo neko\u010d\u00ab, lahko razumemo tudi kot \u00bb Ustvarimo nekaj novega, dobrega, bolj\u0161ega\u00ab. <\/em><\/p>\n<p><em>Pred nami so poletne po\u010ditnice. V po\u010ditnice vstopamo polni spoznanj, kako poskrbimo za svoje zdravje<\/em>.<\/p>\n<p><a href=\"https:\/\/vrtec.os-salovci.si\/files\/2022\/06\/zvv1.jpg\"><img loading=\"lazy\" decoding=\"async\" class=\"wp-image-4145 aligncenter\" src=\"https:\/\/vrtec.os-salovci.si\/files\/2022\/06\/zvv1-300x209.jpg\" alt=\"\" width=\"423\" height=\"295\" srcset=\"https:\/\/vrtec.os-salovci.si\/files\/2022\/06\/zvv1-300x209.jpg 300w, https:\/\/vrtec.os-salovci.si\/files\/2022\/06\/zvv1-768x536.jpg 768w, https:\/\/vrtec.os-salovci.si\/files\/2022\/06\/zvv1-480x335.jpg 480w, https:\/\/vrtec.os-salovci.si\/files\/2022\/06\/zvv1.jpg 858w\" sizes=\"auto, (max-width: 423px) 100vw, 423px\" \/><\/a><\/p>\n<p>&nbsp;<\/p>\n","protected":false},"excerpt":{"rendered":"<p>Vrtec je sodeloval v nacionalnem projektu Zdravje v vrtcu, ki deluje pod okriljem Nacionalnega in\u0161tituta za javno zdravje. Vsebine so bile povezane z zdravjem, dobrim po\u010dutjem in sodelovanjem s strokovnjaki [&hellip;]<\/p>\n","protected":false},"author":81642,"featured_media":4144,"comment_status":"closed","ping_status":"open","sticky":false,"template":"","format":"standard","meta":{"ngg_post_thumbnail":0,"footnotes":""},"categories":[1],"tags":[],"class_list":["post-4141","post","type-post","status-publish","format-standard","has-post-thumbnail","hentry","category-novice"],"_links":{"self":[{"href":"https:\/\/vrtec.os-salovci.si\/index.php?rest_route=\/wp\/v2\/posts\/4141","targetHints":{"allow":["GET"]}}],"collection":[{"href":"https:\/\/vrtec.os-salovci.si\/index.php?rest_route=\/wp\/v2\/posts"}],"about":[{"href":"https:\/\/vrtec.os-salovci.si\/index.php?rest_route=\/wp\/v2\/types\/post"}],"author":[{"embeddable":true,"href":"https:\/\/vrtec.os-salovci.si\/index.php?rest_route=\/wp\/v2\/users\/81642"}],"replies":[{"embeddable":true,"href":"https:\/\/vrtec.os-salovci.si\/index.php?rest_route=%2Fwp%2Fv2%2Fcomments&post=4141"}],"version-history":[{"count":3,"href":"https:\/\/vrtec.os-salovci.si\/index.php?rest_route=\/wp\/v2\/posts\/4141\/revisions"}],"predecessor-version":[{"id":4262,"href":"https:\/\/vrtec.os-salovci.si\/index.php?rest_route=\/wp\/v2\/posts\/4141\/revisions\/4262"}],"wp:featuredmedia":[{"embeddable":true,"href":"https:\/\/vrtec.os-salovci.si\/index.php?rest_route=\/wp\/v2\/media\/4144"}],"wp:attachment":[{"href":"https:\/\/vrtec.os-salovci.si\/index.php?rest_route=%2Fwp%2Fv2%2Fmedia&parent=4141"}],"wp:term":[{"taxonomy":"category","embeddable":true,"href":"https:\/\/vrtec.os-salovci.si\/index.php?rest_route=%2Fwp%2Fv2%2Fcategories&post=4141"},{"taxonomy":"post_tag","embeddable":true,"href":"https:\/\/vrtec.os-salovci.si\/index.php?rest_route=%2Fwp%2Fv2%2Ftags&post=4141"}],"curies":[{"name":"wp","href":"https:\/\/api.w.org\/{rel}","templated":true}]}}