{"id":3317,"date":"2021-10-09T12:08:18","date_gmt":"2021-10-09T10:08:18","guid":{"rendered":"https:\/\/vrtecsalovci.splet.arnes.si\/?p=3317"},"modified":"2021-10-09T12:08:18","modified_gmt":"2021-10-09T10:08:18","slug":"teden-otroka-cetrtek","status":"publish","type":"post","link":"https:\/\/vrtec.os-salovci.si\/?p=3317","title":{"rendered":"Teden otroka-\u010detrtek"},"content":{"rendered":"<p>[et_pb_section fb_built=&#8221;1&#8243; _builder_version=&#8221;4.7.3&#8243; _module_preset=&#8221;default&#8221;][et_pb_row _builder_version=&#8221;4.7.3&#8243; _module_preset=&#8221;default&#8221;][et_pb_column _builder_version=&#8221;4.7.3&#8243; _module_preset=&#8221;default&#8221; type=&#8221;4_4&#8243;][et_pb_text _builder_version=&#8221;4.7.3&#8243; _module_preset=&#8221;default&#8221; hover_enabled=&#8221;0&#8243; sticky_enabled=&#8221;0&#8243;]<\/p>\n<p>V \u010detrtek smo v mlaj\u0161i skupini imeli likovne delavnice na temo jesen.<\/p>\n<p>[\/et_pb_text][et_pb_gallery _builder_version=&#8221;4.7.3&#8243; _module_preset=&#8221;default&#8221; gallery_ids=&#8221;3316,3315,3314&#8243; show_pagination=&#8221;off&#8221; show_title_and_caption=&#8221;off&#8221; hover_enabled=&#8221;0&#8243; sticky_enabled=&#8221;0&#8243;][\/et_pb_gallery][et_pb_text _builder_version=&#8221;4.7.3&#8243; _module_preset=&#8221;default&#8221; hover_enabled=&#8221;0&#8243; sticky_enabled=&#8221;0&#8243;]<\/p>\n<p>Prav tako smo v starej\u0161i skupini imeli likovne delavnice. De\u017eeven dan smo odli\u010dno izkoristili za \u010dudovite izdelke na temo jesen.\u00a0<\/p>\n<p>[\/et_pb_text][et_pb_image src=&#8221;https:\/\/vrtec.os-salovci.si\/files\/2021\/10\/Posnetek-zaslona-2021-10-09-120258.jpg&#8221; _builder_version=&#8221;4.7.3&#8243; _module_preset=&#8221;default&#8221; title_text=&#8221;Posnetek zaslona 2021-10-09 120258&#8243; hover_enabled=&#8221;0&#8243; sticky_enabled=&#8221;0&#8243;][\/et_pb_image][\/et_pb_column][\/et_pb_row][\/et_pb_section]<\/p>\n","protected":false},"excerpt":{"rendered":"<p>[et_pb_section fb_built=&#8221;1&#8243; _builder_version=&#8221;4.7.3&#8243; _module_preset=&#8221;default&#8221;][et_pb_row _builder_version=&#8221;4.7.3&#8243; _module_preset=&#8221;default&#8221;][et_pb_column _builder_version=&#8221;4.7.3&#8243; _module_preset=&#8221;default&#8221; type=&#8221;4_4&#8243;][et_pb_text _builder_version=&#8221;4.7.3&#8243; _module_preset=&#8221;default&#8221; hover_enabled=&#8221;0&#8243; sticky_enabled=&#8221;0&#8243;] V \u010detrtek smo v mlaj\u0161i skupini imeli likovne delavnice na temo jesen. [\/et_pb_text][et_pb_gallery _builder_version=&#8221;4.7.3&#8243; _module_preset=&#8221;default&#8221; gallery_ids=&#8221;3316,3315,3314&#8243; show_pagination=&#8221;off&#8221; [&hellip;]<\/p>\n","protected":false},"author":81642,"featured_media":0,"comment_status":"closed","ping_status":"open","sticky":false,"template":"","format":"standard","meta":{"ngg_post_thumbnail":0,"footnotes":""},"categories":[1],"tags":[],"class_list":["post-3317","post","type-post","status-publish","format-standard","hentry","category-novice"],"_links":{"self":[{"href":"https:\/\/vrtec.os-salovci.si\/index.php?rest_route=\/wp\/v2\/posts\/3317","targetHints":{"allow":["GET"]}}],"collection":[{"href":"https:\/\/vrtec.os-salovci.si\/index.php?rest_route=\/wp\/v2\/posts"}],"about":[{"href":"https:\/\/vrtec.os-salovci.si\/index.php?rest_route=\/wp\/v2\/types\/post"}],"author":[{"embeddable":true,"href":"https:\/\/vrtec.os-salovci.si\/index.php?rest_route=\/wp\/v2\/users\/81642"}],"replies":[{"embeddable":true,"href":"https:\/\/vrtec.os-salovci.si\/index.php?rest_route=%2Fwp%2Fv2%2Fcomments&post=3317"}],"version-history":[{"count":3,"href":"https:\/\/vrtec.os-salovci.si\/index.php?rest_route=\/wp\/v2\/posts\/3317\/revisions"}],"predecessor-version":[{"id":3320,"href":"https:\/\/vrtec.os-salovci.si\/index.php?rest_route=\/wp\/v2\/posts\/3317\/revisions\/3320"}],"wp:attachment":[{"href":"https:\/\/vrtec.os-salovci.si\/index.php?rest_route=%2Fwp%2Fv2%2Fmedia&parent=3317"}],"wp:term":[{"taxonomy":"category","embeddable":true,"href":"https:\/\/vrtec.os-salovci.si\/index.php?rest_route=%2Fwp%2Fv2%2Fcategories&post=3317"},{"taxonomy":"post_tag","embeddable":true,"href":"https:\/\/vrtec.os-salovci.si\/index.php?rest_route=%2Fwp%2Fv2%2Ftags&post=3317"}],"curies":[{"name":"wp","href":"https:\/\/api.w.org\/{rel}","templated":true}]}}